{"id":1861,"date":"2019-11-11T13:50:19","date_gmt":"2019-11-11T12:50:19","guid":{"rendered":"https:\/\/incola.sjdigitaldemo.ovh\/?p=1861"},"modified":"2021-02-12T10:22:01","modified_gmt":"2021-02-12T09:22:01","slug":"nos-ayudas-a-ser-ganadores-de-el-buen-cafe-2","status":"publish","type":"post","link":"https:\/\/redincola.org\/en\/nos-ayudas-a-ser-ganadores-de-el-buen-cafe-2\/","title":{"rendered":"\u00bfNos ayudas a ser ganadores de El Buen Caf\u00e9?"},"content":{"rendered":"\n<p>Red\n \u00cdncola ha sido seleccionada como una de las asociaciones finalistas de \n&#8220;El Buen Caf\u00e9&#8221;. Una iniciativa solidaria del Restaurante Le Bistr\u00f3 que \nya va por su IV edici\u00f3n a trav\u00e9s de su pol\u00edtica de Responsabilidad \nsocial.<\/p>\n\n\n\n<p><strong>\u00bfY ahora qu\u00e9?<\/strong> Entre el 1 y el 30 noviembre ser\u00e1n los  clientes de Le bistr\u00f3 quienes decidan cu\u00e1l ser\u00e1 la entidad  beneficiaria. Cada vez que tomes una consumici\u00f3n en el Restaurante Le  Bistr\u00f3 en C\/Teresa Gil esquina Fuente Dorada, solicita el tique y depos\u00edtalo en la urna del proyecto de Red \u00cdncola. <\/p>\n\n\n\n<p>El recuento de votos ser\u00e1  sencilla, 1 caf\u00e9 =1 voto.<\/p>\n\n\n\n<p>Gracias a esta iniciativa solidaria, la \nentidad ganadora recibir\u00e1 la donaci\u00f3n de 5 c\u00e9ntimos por cada caf\u00e9 que se\n consuma en su establecimiento durante un a\u00f1o.<\/p>\n\n\n\n<p><strong>\u00bfTe sumas?      <\/strong>                                                                                                                              <\/p>\n","protected":false},"excerpt":{"rendered":"<p>Red \u00cdncola ha sido seleccionada como una de las asociaciones finalistas de &#8220;El Buen Caf\u00e9&#8221;. Una iniciativa solidaria del Restaurante Le Bistr\u00f3 que ya va por su IV edici\u00f3n a trav\u00e9s de su pol\u00edtica de Responsabilidad social. \u00bfY ahora qu\u00e9? Entre el 1 y el 30 noviembre ser\u00e1n los clientes de Le bistr\u00f3 quienes decidan [&hellip;]<\/p>\n","protected":false},"author":2,"featured_media":1842,"comment_status":"closed","ping_status":"closed","sticky":false,"template":"","format":"standard","meta":{"footnotes":""},"categories":[1],"tags":[],"class_list":["post-1861","post","type-post","status-publish","format-standard","has-post-thumbnail","hentry","category-sin-categorizar"],"yoast_head":"<!-- This site is optimized with the Yoast SEO plugin v27.5 - https:\/\/yoast.com\/product\/yoast-seo-wordpress\/ -->\n<title>\u00bfNos ayudas a ser ganadores de El Buen Caf\u00e9? - Red \u00cdncola<\/title>\n<meta name=\"robots\" content=\"index, follow, max-snippet:-1, max-image-preview:large, max-video-preview:-1\" \/>\n<link rel=\"canonical\" href=\"https:\/\/redincola.org\/nos-ayudas-a-ser-ganadores-de-el-buen-cafe-2\/\" \/>\n<meta property=\"og:locale\" content=\"en_US\" \/>\n<meta property=\"og:type\" content=\"article\" \/>\n<meta property=\"og:title\" content=\"\u00bfNos ayudas a ser ganadores de El Buen Caf\u00e9? - Red \u00cdncola\" \/>\n<meta property=\"og:description\" content=\"Red \u00cdncola ha sido seleccionada como una de las asociaciones finalistas de &#8220;El Buen Caf\u00e9&#8221;. Una iniciativa solidaria del Restaurante Le Bistr\u00f3 que ya va por su IV edici\u00f3n a trav\u00e9s de su pol\u00edtica de Responsabilidad social. \u00bfY ahora qu\u00e9? Entre el 1 y el 30 noviembre ser\u00e1n los clientes de Le bistr\u00f3 quienes decidan [&hellip;]\" \/>\n<meta property=\"og:url\" content=\"https:\/\/redincola.org\/nos-ayudas-a-ser-ganadores-de-el-buen-cafe-2\/\" \/>\n<meta property=\"og:site_name\" content=\"Red \u00cdncola\" \/>\n<meta property=\"article:published_time\" content=\"2019-11-11T12:50:19+00:00\" \/>\n<meta property=\"article:modified_time\" content=\"2021-02-12T09:22:01+00:00\" \/>\n<meta property=\"og:image\" content=\"https:\/\/redincola.org\/wp-content\/uploads\/2019\/11\/BuenCafe.jpg\" \/>\n\t<meta property=\"og:image:width\" content=\"1417\" \/>\n\t<meta property=\"og:image:height\" content=\"1984\" \/>\n\t<meta property=\"og:image:type\" content=\"image\/jpeg\" \/>\n<meta name=\"author\" content=\"Silvia\" \/>\n<meta name=\"twitter:card\" content=\"summary_large_image\" \/>\n<meta name=\"twitter:label1\" content=\"Written by\" \/>\n\t<meta name=\"twitter:data1\" content=\"Silvia\" \/>\n\t<meta name=\"twitter:label2\" content=\"Est. reading time\" \/>\n\t<meta name=\"twitter:data2\" content=\"1 minute\" \/>\n<script type=\"application\/ld+json\" class=\"yoast-schema-graph\">{\"@context\":\"https:\\\/\\\/schema.org\",\"@graph\":[{\"@type\":\"Article\",\"@id\":\"https:\\\/\\\/redincola.org\\\/nos-ayudas-a-ser-ganadores-de-el-buen-cafe-2\\\/#article\",\"isPartOf\":{\"@id\":\"https:\\\/\\\/redincola.org\\\/nos-ayudas-a-ser-ganadores-de-el-buen-cafe-2\\\/\"},\"author\":{\"name\":\"Silvia\",\"@id\":\"https:\\\/\\\/redincola.org\\\/#\\\/schema\\\/person\\\/5de58cd041e93847148ecf1b5adc86e0\"},\"headline\":\"\u00bfNos ayudas a ser ganadores de El Buen Caf\u00e9?\",\"datePublished\":\"2019-11-11T12:50:19+00:00\",\"dateModified\":\"2021-02-12T09:22:01+00:00\",\"mainEntityOfPage\":{\"@id\":\"https:\\\/\\\/redincola.org\\\/nos-ayudas-a-ser-ganadores-de-el-buen-cafe-2\\\/\"},\"wordCount\":143,\"publisher\":{\"@id\":\"https:\\\/\\\/redincola.org\\\/#organization\"},\"image\":{\"@id\":\"https:\\\/\\\/redincola.org\\\/nos-ayudas-a-ser-ganadores-de-el-buen-cafe-2\\\/#primaryimage\"},\"thumbnailUrl\":\"https:\\\/\\\/redincola.org\\\/wp-content\\\/uploads\\\/2019\\\/11\\\/BuenCafe.jpg\",\"articleSection\":[\"Sin categorizar\"],\"inLanguage\":\"en-US\"},{\"@type\":\"WebPage\",\"@id\":\"https:\\\/\\\/redincola.org\\\/nos-ayudas-a-ser-ganadores-de-el-buen-cafe-2\\\/\",\"url\":\"https:\\\/\\\/redincola.org\\\/nos-ayudas-a-ser-ganadores-de-el-buen-cafe-2\\\/\",\"name\":\"\u00bfNos ayudas a ser ganadores de El Buen Caf\u00e9? - Red \u00cdncola\",\"isPartOf\":{\"@id\":\"https:\\\/\\\/redincola.org\\\/#website\"},\"primaryImageOfPage\":{\"@id\":\"https:\\\/\\\/redincola.org\\\/nos-ayudas-a-ser-ganadores-de-el-buen-cafe-2\\\/#primaryimage\"},\"image\":{\"@id\":\"https:\\\/\\\/redincola.org\\\/nos-ayudas-a-ser-ganadores-de-el-buen-cafe-2\\\/#primaryimage\"},\"thumbnailUrl\":\"https:\\\/\\\/redincola.org\\\/wp-content\\\/uploads\\\/2019\\\/11\\\/BuenCafe.jpg\",\"datePublished\":\"2019-11-11T12:50:19+00:00\",\"dateModified\":\"2021-02-12T09:22:01+00:00\",\"breadcrumb\":{\"@id\":\"https:\\\/\\\/redincola.org\\\/nos-ayudas-a-ser-ganadores-de-el-buen-cafe-2\\\/#breadcrumb\"},\"inLanguage\":\"en-US\",\"potentialAction\":[{\"@type\":\"ReadAction\",\"target\":[\"https:\\\/\\\/redincola.org\\\/nos-ayudas-a-ser-ganadores-de-el-buen-cafe-2\\\/\"]}]},{\"@type\":\"ImageObject\",\"inLanguage\":\"en-US\",\"@id\":\"https:\\\/\\\/redincola.org\\\/nos-ayudas-a-ser-ganadores-de-el-buen-cafe-2\\\/#primaryimage\",\"url\":\"https:\\\/\\\/redincola.org\\\/wp-content\\\/uploads\\\/2019\\\/11\\\/BuenCafe.jpg\",\"contentUrl\":\"https:\\\/\\\/redincola.org\\\/wp-content\\\/uploads\\\/2019\\\/11\\\/BuenCafe.jpg\",\"width\":1417,\"height\":1984},{\"@type\":\"BreadcrumbList\",\"@id\":\"https:\\\/\\\/redincola.org\\\/nos-ayudas-a-ser-ganadores-de-el-buen-cafe-2\\\/#breadcrumb\",\"itemListElement\":[{\"@type\":\"ListItem\",\"position\":1,\"name\":\"Portada\",\"item\":\"https:\\\/\\\/redincola.org\\\/\"},{\"@type\":\"ListItem\",\"position\":2,\"name\":\"\u00bfNos ayudas a ser ganadores de El Buen Caf\u00e9?\"}]},{\"@type\":\"WebSite\",\"@id\":\"https:\\\/\\\/redincola.org\\\/#website\",\"url\":\"https:\\\/\\\/redincola.org\\\/\",\"name\":\"Red \u00cdncola\",\"description\":\"nos inspira el humanismo cristiano\",\"publisher\":{\"@id\":\"https:\\\/\\\/redincola.org\\\/#organization\"},\"potentialAction\":[{\"@type\":\"SearchAction\",\"target\":{\"@type\":\"EntryPoint\",\"urlTemplate\":\"https:\\\/\\\/redincola.org\\\/?s={search_term_string}\"},\"query-input\":{\"@type\":\"PropertyValueSpecification\",\"valueRequired\":true,\"valueName\":\"search_term_string\"}}],\"inLanguage\":\"en-US\"},{\"@type\":\"Organization\",\"@id\":\"https:\\\/\\\/redincola.org\\\/#organization\",\"name\":\"Red \u00cdncola\",\"url\":\"https:\\\/\\\/redincola.org\\\/\",\"logo\":{\"@type\":\"ImageObject\",\"inLanguage\":\"en-US\",\"@id\":\"https:\\\/\\\/redincola.org\\\/#\\\/schema\\\/logo\\\/image\\\/\",\"url\":\"https:\\\/\\\/redincola.org\\\/wp-content\\\/uploads\\\/2019\\\/07\\\/logo-fundacio\u0301n-red-incola.png\",\"contentUrl\":\"https:\\\/\\\/redincola.org\\\/wp-content\\\/uploads\\\/2019\\\/07\\\/logo-fundacio\u0301n-red-incola.png\",\"width\":800,\"height\":145,\"caption\":\"Red \u00cdncola\"},\"image\":{\"@id\":\"https:\\\/\\\/redincola.org\\\/#\\\/schema\\\/logo\\\/image\\\/\"}},{\"@type\":\"Person\",\"@id\":\"https:\\\/\\\/redincola.org\\\/#\\\/schema\\\/person\\\/5de58cd041e93847148ecf1b5adc86e0\",\"name\":\"Silvia\",\"image\":{\"@type\":\"ImageObject\",\"inLanguage\":\"en-US\",\"@id\":\"https:\\\/\\\/secure.gravatar.com\\\/avatar\\\/0da8c1efa10d8a584d86943c52f6cd925057e7d849d1c0d58bb11a4bfa85cff0?s=96&d=mm&r=g\",\"url\":\"https:\\\/\\\/secure.gravatar.com\\\/avatar\\\/0da8c1efa10d8a584d86943c52f6cd925057e7d849d1c0d58bb11a4bfa85cff0?s=96&d=mm&r=g\",\"contentUrl\":\"https:\\\/\\\/secure.gravatar.com\\\/avatar\\\/0da8c1efa10d8a584d86943c52f6cd925057e7d849d1c0d58bb11a4bfa85cff0?s=96&d=mm&r=g\",\"caption\":\"Silvia\"},\"url\":\"https:\\\/\\\/redincola.org\\\/en\\\/author\\\/silvia\\\/\"}]}<\/script>\n<!-- \/ Yoast SEO plugin. -->","yoast_head_json":{"title":"\u00bfNos ayudas a ser ganadores de El Buen Caf\u00e9? - Red \u00cdncola","robots":{"index":"index","follow":"follow","max-snippet":"max-snippet:-1","max-image-preview":"max-image-preview:large","max-video-preview":"max-video-preview:-1"},"canonical":"https:\/\/redincola.org\/nos-ayudas-a-ser-ganadores-de-el-buen-cafe-2\/","og_locale":"en_US","og_type":"article","og_title":"\u00bfNos ayudas a ser ganadores de El Buen Caf\u00e9? - Red \u00cdncola","og_description":"Red \u00cdncola ha sido seleccionada como una de las asociaciones finalistas de &#8220;El Buen Caf\u00e9&#8221;. Una iniciativa solidaria del Restaurante Le Bistr\u00f3 que ya va por su IV edici\u00f3n a trav\u00e9s de su pol\u00edtica de Responsabilidad social. \u00bfY ahora qu\u00e9? Entre el 1 y el 30 noviembre ser\u00e1n los clientes de Le bistr\u00f3 quienes decidan [&hellip;]","og_url":"https:\/\/redincola.org\/nos-ayudas-a-ser-ganadores-de-el-buen-cafe-2\/","og_site_name":"Red \u00cdncola","article_published_time":"2019-11-11T12:50:19+00:00","article_modified_time":"2021-02-12T09:22:01+00:00","og_image":[{"width":1417,"height":1984,"url":"https:\/\/redincola.org\/wp-content\/uploads\/2019\/11\/BuenCafe.jpg","type":"image\/jpeg"}],"author":"Silvia","twitter_card":"summary_large_image","twitter_misc":{"Written by":"Silvia","Est. reading time":"1 minute"},"schema":{"@context":"https:\/\/schema.org","@graph":[{"@type":"Article","@id":"https:\/\/redincola.org\/nos-ayudas-a-ser-ganadores-de-el-buen-cafe-2\/#article","isPartOf":{"@id":"https:\/\/redincola.org\/nos-ayudas-a-ser-ganadores-de-el-buen-cafe-2\/"},"author":{"name":"Silvia","@id":"https:\/\/redincola.org\/#\/schema\/person\/5de58cd041e93847148ecf1b5adc86e0"},"headline":"\u00bfNos ayudas a ser ganadores de El Buen Caf\u00e9?","datePublished":"2019-11-11T12:50:19+00:00","dateModified":"2021-02-12T09:22:01+00:00","mainEntityOfPage":{"@id":"https:\/\/redincola.org\/nos-ayudas-a-ser-ganadores-de-el-buen-cafe-2\/"},"wordCount":143,"publisher":{"@id":"https:\/\/redincola.org\/#organization"},"image":{"@id":"https:\/\/redincola.org\/nos-ayudas-a-ser-ganadores-de-el-buen-cafe-2\/#primaryimage"},"thumbnailUrl":"https:\/\/redincola.org\/wp-content\/uploads\/2019\/11\/BuenCafe.jpg","articleSection":["Sin categorizar"],"inLanguage":"en-US"},{"@type":"WebPage","@id":"https:\/\/redincola.org\/nos-ayudas-a-ser-ganadores-de-el-buen-cafe-2\/","url":"https:\/\/redincola.org\/nos-ayudas-a-ser-ganadores-de-el-buen-cafe-2\/","name":"\u00bfNos ayudas a ser ganadores de El Buen Caf\u00e9? - Red \u00cdncola","isPartOf":{"@id":"https:\/\/redincola.org\/#website"},"primaryImageOfPage":{"@id":"https:\/\/redincola.org\/nos-ayudas-a-ser-ganadores-de-el-buen-cafe-2\/#primaryimage"},"image":{"@id":"https:\/\/redincola.org\/nos-ayudas-a-ser-ganadores-de-el-buen-cafe-2\/#primaryimage"},"thumbnailUrl":"https:\/\/redincola.org\/wp-content\/uploads\/2019\/11\/BuenCafe.jpg","datePublished":"2019-11-11T12:50:19+00:00","dateModified":"2021-02-12T09:22:01+00:00","breadcrumb":{"@id":"https:\/\/redincola.org\/nos-ayudas-a-ser-ganadores-de-el-buen-cafe-2\/#breadcrumb"},"inLanguage":"en-US","potentialAction":[{"@type":"ReadAction","target":["https:\/\/redincola.org\/nos-ayudas-a-ser-ganadores-de-el-buen-cafe-2\/"]}]},{"@type":"ImageObject","inLanguage":"en-US","@id":"https:\/\/redincola.org\/nos-ayudas-a-ser-ganadores-de-el-buen-cafe-2\/#primaryimage","url":"https:\/\/redincola.org\/wp-content\/uploads\/2019\/11\/BuenCafe.jpg","contentUrl":"https:\/\/redincola.org\/wp-content\/uploads\/2019\/11\/BuenCafe.jpg","width":1417,"height":1984},{"@type":"BreadcrumbList","@id":"https:\/\/redincola.org\/nos-ayudas-a-ser-ganadores-de-el-buen-cafe-2\/#breadcrumb","itemListElement":[{"@type":"ListItem","position":1,"name":"Portada","item":"https:\/\/redincola.org\/"},{"@type":"ListItem","position":2,"name":"\u00bfNos ayudas a ser ganadores de El Buen Caf\u00e9?"}]},{"@type":"WebSite","@id":"https:\/\/redincola.org\/#website","url":"https:\/\/redincola.org\/","name":"Red \u00cdncola","description":"nos inspira el humanismo cristiano","publisher":{"@id":"https:\/\/redincola.org\/#organization"},"potentialAction":[{"@type":"SearchAction","target":{"@type":"EntryPoint","urlTemplate":"https:\/\/redincola.org\/?s={search_term_string}"},"query-input":{"@type":"PropertyValueSpecification","valueRequired":true,"valueName":"search_term_string"}}],"inLanguage":"en-US"},{"@type":"Organization","@id":"https:\/\/redincola.org\/#organization","name":"Red \u00cdncola","url":"https:\/\/redincola.org\/","logo":{"@type":"ImageObject","inLanguage":"en-US","@id":"https:\/\/redincola.org\/#\/schema\/logo\/image\/","url":"https:\/\/redincola.org\/wp-content\/uploads\/2019\/07\/logo-fundacio\u0301n-red-incola.png","contentUrl":"https:\/\/redincola.org\/wp-content\/uploads\/2019\/07\/logo-fundacio\u0301n-red-incola.png","width":800,"height":145,"caption":"Red \u00cdncola"},"image":{"@id":"https:\/\/redincola.org\/#\/schema\/logo\/image\/"}},{"@type":"Person","@id":"https:\/\/redincola.org\/#\/schema\/person\/5de58cd041e93847148ecf1b5adc86e0","name":"Silvia","image":{"@type":"ImageObject","inLanguage":"en-US","@id":"https:\/\/secure.gravatar.com\/avatar\/0da8c1efa10d8a584d86943c52f6cd925057e7d849d1c0d58bb11a4bfa85cff0?s=96&d=mm&r=g","url":"https:\/\/secure.gravatar.com\/avatar\/0da8c1efa10d8a584d86943c52f6cd925057e7d849d1c0d58bb11a4bfa85cff0?s=96&d=mm&r=g","contentUrl":"https:\/\/secure.gravatar.com\/avatar\/0da8c1efa10d8a584d86943c52f6cd925057e7d849d1c0d58bb11a4bfa85cff0?s=96&d=mm&r=g","caption":"Silvia"},"url":"https:\/\/redincola.org\/en\/author\/silvia\/"}]}},"_links":{"self":[{"href":"https:\/\/redincola.org\/en\/wp-json\/wp\/v2\/posts\/1861","targetHints":{"allow":["GET"]}}],"collection":[{"href":"https:\/\/redincola.org\/en\/wp-json\/wp\/v2\/posts"}],"about":[{"href":"https:\/\/redincola.org\/en\/wp-json\/wp\/v2\/types\/post"}],"author":[{"embeddable":true,"href":"https:\/\/redincola.org\/en\/wp-json\/wp\/v2\/users\/2"}],"replies":[{"embeddable":true,"href":"https:\/\/redincola.org\/en\/wp-json\/wp\/v2\/comments?post=1861"}],"version-history":[{"count":1,"href":"https:\/\/redincola.org\/en\/wp-json\/wp\/v2\/posts\/1861\/revisions"}],"predecessor-version":[{"id":1862,"href":"https:\/\/redincola.org\/en\/wp-json\/wp\/v2\/posts\/1861\/revisions\/1862"}],"wp:featuredmedia":[{"embeddable":true,"href":"https:\/\/redincola.org\/en\/wp-json\/wp\/v2\/media\/1842"}],"wp:attachment":[{"href":"https:\/\/redincola.org\/en\/wp-json\/wp\/v2\/media?parent=1861"}],"wp:term":[{"taxonomy":"category","embeddable":true,"href":"https:\/\/redincola.org\/en\/wp-json\/wp\/v2\/categories?post=1861"},{"taxonomy":"post_tag","embeddable":true,"href":"https:\/\/redincola.org\/en\/wp-json\/wp\/v2\/tags?post=1861"}],"curies":[{"name":"wp","href":"https:\/\/api.w.org\/{rel}","templated":true}]}}