{"id":2715,"date":"2020-09-20T07:47:58","date_gmt":"2020-09-20T07:47:58","guid":{"rendered":"https:\/\/redincola.org\/?p=2715"},"modified":"2020-09-21T06:10:55","modified_gmt":"2020-09-21T06:10:55","slug":"la-acogida-en-la-iglesia-una-forma-de-ser-y-hacer","status":"publish","type":"post","link":"https:\/\/redincola.org\/en\/la-acogida-en-la-iglesia-una-forma-de-ser-y-hacer\/","title":{"rendered":"La Acogida en la Iglesia, una forma de SER y HACER."},"content":{"rendered":"\n<p>Dentro de una semana celebramos la Jornada Mundial del Migrante y Refugiado con el lema <strong>\u201cComo Jesucristo, obligados a huir\u201d<\/strong>, una oportunidad para unirnos como Iglesia ante esta realidad y visibizar la labor de apoyo e incidencia que realizamos. <\/p>\n\n\n\n<p>La <strong>red Migrantes con Derechos<\/strong>, de la que formamos parte, ha publicado la gu\u00eda <strong>&#8220;La acogida en la Iglesia, una forma de SER  Y HACER&#8221;<\/strong>,  que ofrece una invitaci\u00f3n a superar los miedos para ir al encuentro  del otro, y claves para implicarse en esta misi\u00f3n desde las tres claves  de trabajo:  Hospitalidad, Dignidad y Derechos.  <\/p>\n\n\n\n<div class=\"wp-block-button\"><a class=\"wp-block-button__link has-background has-pale-cyan-blue-background-color\" href=\"https:\/\/migrantesconderechos.org\/wp-content\/uploads\/2020\/09\/Diptico-Acogida-Migrantes-con-Derechos.pdf?fbclid=IwAR298CCKKAxI-irCHWmqHezVvaSZyByEBeVZw8rMd7RXmUJpuCCJnUladXY\" target=\"_blank\" rel=\"noreferrer noopener\">Ver documento <\/a><\/div>\n\n\n\n<p><\/p>\n\n\n\n<p class=\"has-text-color has-medium-font-size has-vivid-cyan-blue-color\"><strong>RED \u00cdNCOLA EN LA #JMMR2020<\/strong><\/p>\n\n\n\n<p>Como otros a\u00f1os, estaremos presente en las <strong>misas de  la  iglesia de los Jesuitas, Esclavas del Sagrado Coraz\u00f3n y la parroquia franciscana La Inmaculada. <\/strong> <\/p>\n\n\n\n<p>Tambi\u00e9n, durante la semana, participaremos en diferentes actividades que se proponen desde la red Migrantes con Derechos, tanto en Valladolid como a nivel nacional:<\/p>\n\n\n\n<p><strong>Encuentro on line &#8220;Di\u00e1logo sobre la hospitalidad y los desplazamientos forzados&#8221;<\/strong><br>Jueves 24 de septiembre a las 18:30<br>Enlace para participar:  <a rel=\"noreferrer noopener\" href=\"https:\/\/l.facebook.com\/l.php?u=https%3A%2F%2Fbit.ly%2FJMundial2020%3Ffbclid%3DIwAR3fFKXVU15h5xcBwRzUMefrjTWjQpdI7OEbNb5UHbfwnMdUnWVUwTDHLgM&amp;h=AT0Xg5DAk-k_qDHdvLMTAFj4v6NXunmux8V0Ipv6Dc9-ZNEVmtUoFOTnlcV_wY_DdSP2SuM_FasKvI26lB3vY6iVejAOUXTylx-DsXU3N7MHGIDO1CZYlvjAV5_fzQCeDA&amp;__tn__=-UK-R&amp;c[0]=AT0JktSNmJOhboQaXGfM8XEe0Zl4vjLn05Xgk8PLy9sy6aTBCU_58H2TaeHBFZ3GNaWUcEWpC1yA-GWIUk2rvPKIKFqLtM_2SSGDTqyj-Hl_lrRa9E61PH3sIe5CjaNest82OO2QcXXioEWOuSnZS6hI4lTnw8WIOFIBZX1ZWxeD1iYCfWKQg6CbupwdnQM\" target=\"_blank\">https:\/\/bit.ly\/JMundial2020<\/a> <\/p>\n\n\n\n<p><strong>Video Forum &#8220;Ad\u00fa&#8221; <\/strong><br>Viernes 25 de septiembre a las 19:00 en el Centro Espiritualidad (C\/Santuario, 26) &#8211; aforo limitado seg\u00fan medidas del Covid19.<\/p>\n\n\n\n<p><strong>Celebraci\u00f3n eucar\u00edstica <\/strong> presidida por  el obispo  auxiliar, D. Luis Arg\u00fcello. <br>S\u00e1bado 26 de septiembre, a las 20:00 en la parroquia de Nuestra Se\u00f1ora de Guadalupe.<\/p>\n\n\n\n<p><\/p>\n\n\n\n<figure class=\"wp-block-gallery columns-2 is-cropped wp-block-gallery-1 is-layout-flex wp-block-gallery-is-layout-flex\"><ul class=\"blocks-gallery-grid\"><li class=\"blocks-gallery-item\"><figure><img fetchpriority=\"high\" decoding=\"async\" width=\"724\" height=\"1024\" src=\"https:\/\/redincola.org\/wp-content\/uploads\/2020\/09\/Cartel-video-forum-Adu-1-724x1024.jpg\" alt=\"\" data-id=\"2719\" data-full-url=\"https:\/\/redincola.org\/wp-content\/uploads\/2020\/09\/Cartel-video-forum-Adu-1.jpg\" data-link=\"https:\/\/redincola.org\/?attachment_id=2719\" class=\"wp-image-2719\" srcset=\"https:\/\/redincola.org\/wp-content\/uploads\/2020\/09\/Cartel-video-forum-Adu-1-724x1024.jpg 724w, https:\/\/redincola.org\/wp-content\/uploads\/2020\/09\/Cartel-video-forum-Adu-1-212x300.jpg 212w, https:\/\/redincola.org\/wp-content\/uploads\/2020\/09\/Cartel-video-forum-Adu-1-768x1087.jpg 768w, https:\/\/redincola.org\/wp-content\/uploads\/2020\/09\/Cartel-video-forum-Adu-1-1085x1536.jpg 1085w, https:\/\/redincola.org\/wp-content\/uploads\/2020\/09\/Cartel-video-forum-Adu-1.jpg 1240w\" sizes=\"(max-width: 724px) 100vw, 724px\" \/><\/figure><\/li><li class=\"blocks-gallery-item\"><figure><img decoding=\"async\" width=\"724\" height=\"1024\" src=\"https:\/\/redincola.org\/wp-content\/uploads\/2020\/09\/Formacion-724x1024.jpg\" alt=\"\" data-id=\"2720\" data-full-url=\"https:\/\/redincola.org\/wp-content\/uploads\/2020\/09\/Formacion.jpg\" data-link=\"https:\/\/redincola.org\/?attachment_id=2720\" class=\"wp-image-2720\" srcset=\"https:\/\/redincola.org\/wp-content\/uploads\/2020\/09\/Formacion-724x1024.jpg 724w, https:\/\/redincola.org\/wp-content\/uploads\/2020\/09\/Formacion-212x300.jpg 212w, https:\/\/redincola.org\/wp-content\/uploads\/2020\/09\/Formacion-768x1087.jpg 768w, https:\/\/redincola.org\/wp-content\/uploads\/2020\/09\/Formacion.jpg 843w\" sizes=\"(max-width: 724px) 100vw, 724px\" \/><\/figure><\/li><\/ul><\/figure>\n\n\n\n<p><\/p>\n","protected":false},"excerpt":{"rendered":"<p>Dentro de una semana celebramos la Jornada Mundial del Migrante y Refugiado con el lema \u201cComo Jesucristo, obligados a huir\u201d, una oportunidad para unirnos como Iglesia ante esta realidad y visibizar la labor de apoyo e incidencia que realizamos. La red Migrantes con Derechos, de la que formamos parte, ha publicado la gu\u00eda &#8220;La acogida [&hellip;]<\/p>\n","protected":false},"author":2,"featured_media":2721,"comment_status":"closed","ping_status":"closed","sticky":false,"template":"","format":"standard","meta":{"footnotes":""},"categories":[28],"tags":[],"class_list":["post-2715","post","type-post","status-publish","format-standard","has-post-thumbnail","hentry","category-noticias"],"yoast_head":"<!-- This site is optimized with the Yoast SEO plugin v27.4 - https:\/\/yoast.com\/product\/yoast-seo-wordpress\/ -->\n<title>La Acogida en la Iglesia, una forma de SER y HACER. - Red \u00cdncola<\/title>\n<meta name=\"robots\" content=\"index, follow, max-snippet:-1, max-image-preview:large, max-video-preview:-1\" \/>\n<link rel=\"canonical\" href=\"https:\/\/redincola.org\/la-acogida-en-la-iglesia-una-forma-de-ser-y-hacer\/\" \/>\n<meta property=\"og:locale\" content=\"en_US\" \/>\n<meta property=\"og:type\" content=\"article\" \/>\n<meta property=\"og:title\" content=\"La Acogida en la Iglesia, una forma de SER y HACER. - Red \u00cdncola\" \/>\n<meta property=\"og:description\" content=\"Dentro de una semana celebramos la Jornada Mundial del Migrante y Refugiado con el lema \u201cComo Jesucristo, obligados a huir\u201d, una oportunidad para unirnos como Iglesia ante esta realidad y visibizar la labor de apoyo e incidencia que realizamos. La red Migrantes con Derechos, de la que formamos parte, ha publicado la gu\u00eda &#8220;La acogida [&hellip;]\" \/>\n<meta property=\"og:url\" content=\"https:\/\/redincola.org\/la-acogida-en-la-iglesia-una-forma-de-ser-y-hacer\/\" \/>\n<meta property=\"og:site_name\" content=\"Red \u00cdncola\" \/>\n<meta property=\"article:published_time\" content=\"2020-09-20T07:47:58+00:00\" \/>\n<meta property=\"article:modified_time\" content=\"2020-09-21T06:10:55+00:00\" \/>\n<meta property=\"og:image\" content=\"https:\/\/redincola.org\/wp-content\/uploads\/2020\/09\/lA-ACOGIDA-EN-LA-IGLEISA.jpg\" \/>\n\t<meta property=\"og:image:width\" content=\"750\" \/>\n\t<meta property=\"og:image:height\" content=\"391\" \/>\n\t<meta property=\"og:image:type\" content=\"image\/jpeg\" \/>\n<meta name=\"author\" content=\"Silvia\" \/>\n<meta name=\"twitter:card\" content=\"summary_large_image\" \/>\n<meta name=\"twitter:label1\" content=\"Written by\" \/>\n\t<meta name=\"twitter:data1\" content=\"Silvia\" \/>\n\t<meta name=\"twitter:label2\" content=\"Est. reading time\" \/>\n\t<meta name=\"twitter:data2\" content=\"1 minute\" \/>\n<script type=\"application\/ld+json\" class=\"yoast-schema-graph\">{\"@context\":\"https:\\\/\\\/schema.org\",\"@graph\":[{\"@type\":\"Article\",\"@id\":\"https:\\\/\\\/redincola.org\\\/la-acogida-en-la-iglesia-una-forma-de-ser-y-hacer\\\/#article\",\"isPartOf\":{\"@id\":\"https:\\\/\\\/redincola.org\\\/la-acogida-en-la-iglesia-una-forma-de-ser-y-hacer\\\/\"},\"author\":{\"name\":\"Silvia\",\"@id\":\"https:\\\/\\\/redincola.org\\\/#\\\/schema\\\/person\\\/5de58cd041e93847148ecf1b5adc86e0\"},\"headline\":\"La Acogida en la Iglesia, una forma de SER y HACER.\",\"datePublished\":\"2020-09-20T07:47:58+00:00\",\"dateModified\":\"2020-09-21T06:10:55+00:00\",\"mainEntityOfPage\":{\"@id\":\"https:\\\/\\\/redincola.org\\\/la-acogida-en-la-iglesia-una-forma-de-ser-y-hacer\\\/\"},\"wordCount\":241,\"publisher\":{\"@id\":\"https:\\\/\\\/redincola.org\\\/#organization\"},\"image\":{\"@id\":\"https:\\\/\\\/redincola.org\\\/la-acogida-en-la-iglesia-una-forma-de-ser-y-hacer\\\/#primaryimage\"},\"thumbnailUrl\":\"https:\\\/\\\/redincola.org\\\/wp-content\\\/uploads\\\/2020\\\/09\\\/lA-ACOGIDA-EN-LA-IGLEISA.jpg\",\"articleSection\":[\"Noticias\"],\"inLanguage\":\"en-US\"},{\"@type\":\"WebPage\",\"@id\":\"https:\\\/\\\/redincola.org\\\/la-acogida-en-la-iglesia-una-forma-de-ser-y-hacer\\\/\",\"url\":\"https:\\\/\\\/redincola.org\\\/la-acogida-en-la-iglesia-una-forma-de-ser-y-hacer\\\/\",\"name\":\"La Acogida en la Iglesia, una forma de SER y HACER. - Red \u00cdncola\",\"isPartOf\":{\"@id\":\"https:\\\/\\\/redincola.org\\\/#website\"},\"primaryImageOfPage\":{\"@id\":\"https:\\\/\\\/redincola.org\\\/la-acogida-en-la-iglesia-una-forma-de-ser-y-hacer\\\/#primaryimage\"},\"image\":{\"@id\":\"https:\\\/\\\/redincola.org\\\/la-acogida-en-la-iglesia-una-forma-de-ser-y-hacer\\\/#primaryimage\"},\"thumbnailUrl\":\"https:\\\/\\\/redincola.org\\\/wp-content\\\/uploads\\\/2020\\\/09\\\/lA-ACOGIDA-EN-LA-IGLEISA.jpg\",\"datePublished\":\"2020-09-20T07:47:58+00:00\",\"dateModified\":\"2020-09-21T06:10:55+00:00\",\"breadcrumb\":{\"@id\":\"https:\\\/\\\/redincola.org\\\/la-acogida-en-la-iglesia-una-forma-de-ser-y-hacer\\\/#breadcrumb\"},\"inLanguage\":\"en-US\",\"potentialAction\":[{\"@type\":\"ReadAction\",\"target\":[\"https:\\\/\\\/redincola.org\\\/la-acogida-en-la-iglesia-una-forma-de-ser-y-hacer\\\/\"]}]},{\"@type\":\"ImageObject\",\"inLanguage\":\"en-US\",\"@id\":\"https:\\\/\\\/redincola.org\\\/la-acogida-en-la-iglesia-una-forma-de-ser-y-hacer\\\/#primaryimage\",\"url\":\"https:\\\/\\\/redincola.org\\\/wp-content\\\/uploads\\\/2020\\\/09\\\/lA-ACOGIDA-EN-LA-IGLEISA.jpg\",\"contentUrl\":\"https:\\\/\\\/redincola.org\\\/wp-content\\\/uploads\\\/2020\\\/09\\\/lA-ACOGIDA-EN-LA-IGLEISA.jpg\",\"width\":750,\"height\":391},{\"@type\":\"BreadcrumbList\",\"@id\":\"https:\\\/\\\/redincola.org\\\/la-acogida-en-la-iglesia-una-forma-de-ser-y-hacer\\\/#breadcrumb\",\"itemListElement\":[{\"@type\":\"ListItem\",\"position\":1,\"name\":\"Portada\",\"item\":\"https:\\\/\\\/redincola.org\\\/\"},{\"@type\":\"ListItem\",\"position\":2,\"name\":\"La Acogida en la Iglesia, una forma de SER y HACER.\"}]},{\"@type\":\"WebSite\",\"@id\":\"https:\\\/\\\/redincola.org\\\/#website\",\"url\":\"https:\\\/\\\/redincola.org\\\/\",\"name\":\"Red \u00cdncola\",\"description\":\"nos inspira el humanismo cristiano\",\"publisher\":{\"@id\":\"https:\\\/\\\/redincola.org\\\/#organization\"},\"potentialAction\":[{\"@type\":\"SearchAction\",\"target\":{\"@type\":\"EntryPoint\",\"urlTemplate\":\"https:\\\/\\\/redincola.org\\\/?s={search_term_string}\"},\"query-input\":{\"@type\":\"PropertyValueSpecification\",\"valueRequired\":true,\"valueName\":\"search_term_string\"}}],\"inLanguage\":\"en-US\"},{\"@type\":\"Organization\",\"@id\":\"https:\\\/\\\/redincola.org\\\/#organization\",\"name\":\"Red \u00cdncola\",\"url\":\"https:\\\/\\\/redincola.org\\\/\",\"logo\":{\"@type\":\"ImageObject\",\"inLanguage\":\"en-US\",\"@id\":\"https:\\\/\\\/redincola.org\\\/#\\\/schema\\\/logo\\\/image\\\/\",\"url\":\"https:\\\/\\\/redincola.org\\\/wp-content\\\/uploads\\\/2019\\\/07\\\/logo-fundacio\u0301n-red-incola.png\",\"contentUrl\":\"https:\\\/\\\/redincola.org\\\/wp-content\\\/uploads\\\/2019\\\/07\\\/logo-fundacio\u0301n-red-incola.png\",\"width\":800,\"height\":145,\"caption\":\"Red \u00cdncola\"},\"image\":{\"@id\":\"https:\\\/\\\/redincola.org\\\/#\\\/schema\\\/logo\\\/image\\\/\"}},{\"@type\":\"Person\",\"@id\":\"https:\\\/\\\/redincola.org\\\/#\\\/schema\\\/person\\\/5de58cd041e93847148ecf1b5adc86e0\",\"name\":\"Silvia\",\"image\":{\"@type\":\"ImageObject\",\"inLanguage\":\"en-US\",\"@id\":\"https:\\\/\\\/secure.gravatar.com\\\/avatar\\\/0da8c1efa10d8a584d86943c52f6cd925057e7d849d1c0d58bb11a4bfa85cff0?s=96&d=mm&r=g\",\"url\":\"https:\\\/\\\/secure.gravatar.com\\\/avatar\\\/0da8c1efa10d8a584d86943c52f6cd925057e7d849d1c0d58bb11a4bfa85cff0?s=96&d=mm&r=g\",\"contentUrl\":\"https:\\\/\\\/secure.gravatar.com\\\/avatar\\\/0da8c1efa10d8a584d86943c52f6cd925057e7d849d1c0d58bb11a4bfa85cff0?s=96&d=mm&r=g\",\"caption\":\"Silvia\"},\"url\":\"https:\\\/\\\/redincola.org\\\/en\\\/author\\\/silvia\\\/\"}]}<\/script>\n<!-- \/ Yoast SEO plugin. -->","yoast_head_json":{"title":"La Acogida en la Iglesia, una forma de SER y HACER. - Red \u00cdncola","robots":{"index":"index","follow":"follow","max-snippet":"max-snippet:-1","max-image-preview":"max-image-preview:large","max-video-preview":"max-video-preview:-1"},"canonical":"https:\/\/redincola.org\/la-acogida-en-la-iglesia-una-forma-de-ser-y-hacer\/","og_locale":"en_US","og_type":"article","og_title":"La Acogida en la Iglesia, una forma de SER y HACER. - Red \u00cdncola","og_description":"Dentro de una semana celebramos la Jornada Mundial del Migrante y Refugiado con el lema \u201cComo Jesucristo, obligados a huir\u201d, una oportunidad para unirnos como Iglesia ante esta realidad y visibizar la labor de apoyo e incidencia que realizamos. La red Migrantes con Derechos, de la que formamos parte, ha publicado la gu\u00eda &#8220;La acogida [&hellip;]","og_url":"https:\/\/redincola.org\/la-acogida-en-la-iglesia-una-forma-de-ser-y-hacer\/","og_site_name":"Red \u00cdncola","article_published_time":"2020-09-20T07:47:58+00:00","article_modified_time":"2020-09-21T06:10:55+00:00","og_image":[{"width":750,"height":391,"url":"https:\/\/redincola.org\/wp-content\/uploads\/2020\/09\/lA-ACOGIDA-EN-LA-IGLEISA.jpg","type":"image\/jpeg"}],"author":"Silvia","twitter_card":"summary_large_image","twitter_misc":{"Written by":"Silvia","Est. reading time":"1 minute"},"schema":{"@context":"https:\/\/schema.org","@graph":[{"@type":"Article","@id":"https:\/\/redincola.org\/la-acogida-en-la-iglesia-una-forma-de-ser-y-hacer\/#article","isPartOf":{"@id":"https:\/\/redincola.org\/la-acogida-en-la-iglesia-una-forma-de-ser-y-hacer\/"},"author":{"name":"Silvia","@id":"https:\/\/redincola.org\/#\/schema\/person\/5de58cd041e93847148ecf1b5adc86e0"},"headline":"La Acogida en la Iglesia, una forma de SER y HACER.","datePublished":"2020-09-20T07:47:58+00:00","dateModified":"2020-09-21T06:10:55+00:00","mainEntityOfPage":{"@id":"https:\/\/redincola.org\/la-acogida-en-la-iglesia-una-forma-de-ser-y-hacer\/"},"wordCount":241,"publisher":{"@id":"https:\/\/redincola.org\/#organization"},"image":{"@id":"https:\/\/redincola.org\/la-acogida-en-la-iglesia-una-forma-de-ser-y-hacer\/#primaryimage"},"thumbnailUrl":"https:\/\/redincola.org\/wp-content\/uploads\/2020\/09\/lA-ACOGIDA-EN-LA-IGLEISA.jpg","articleSection":["Noticias"],"inLanguage":"en-US"},{"@type":"WebPage","@id":"https:\/\/redincola.org\/la-acogida-en-la-iglesia-una-forma-de-ser-y-hacer\/","url":"https:\/\/redincola.org\/la-acogida-en-la-iglesia-una-forma-de-ser-y-hacer\/","name":"La Acogida en la Iglesia, una forma de SER y HACER. - Red \u00cdncola","isPartOf":{"@id":"https:\/\/redincola.org\/#website"},"primaryImageOfPage":{"@id":"https:\/\/redincola.org\/la-acogida-en-la-iglesia-una-forma-de-ser-y-hacer\/#primaryimage"},"image":{"@id":"https:\/\/redincola.org\/la-acogida-en-la-iglesia-una-forma-de-ser-y-hacer\/#primaryimage"},"thumbnailUrl":"https:\/\/redincola.org\/wp-content\/uploads\/2020\/09\/lA-ACOGIDA-EN-LA-IGLEISA.jpg","datePublished":"2020-09-20T07:47:58+00:00","dateModified":"2020-09-21T06:10:55+00:00","breadcrumb":{"@id":"https:\/\/redincola.org\/la-acogida-en-la-iglesia-una-forma-de-ser-y-hacer\/#breadcrumb"},"inLanguage":"en-US","potentialAction":[{"@type":"ReadAction","target":["https:\/\/redincola.org\/la-acogida-en-la-iglesia-una-forma-de-ser-y-hacer\/"]}]},{"@type":"ImageObject","inLanguage":"en-US","@id":"https:\/\/redincola.org\/la-acogida-en-la-iglesia-una-forma-de-ser-y-hacer\/#primaryimage","url":"https:\/\/redincola.org\/wp-content\/uploads\/2020\/09\/lA-ACOGIDA-EN-LA-IGLEISA.jpg","contentUrl":"https:\/\/redincola.org\/wp-content\/uploads\/2020\/09\/lA-ACOGIDA-EN-LA-IGLEISA.jpg","width":750,"height":391},{"@type":"BreadcrumbList","@id":"https:\/\/redincola.org\/la-acogida-en-la-iglesia-una-forma-de-ser-y-hacer\/#breadcrumb","itemListElement":[{"@type":"ListItem","position":1,"name":"Portada","item":"https:\/\/redincola.org\/"},{"@type":"ListItem","position":2,"name":"La Acogida en la Iglesia, una forma de SER y HACER."}]},{"@type":"WebSite","@id":"https:\/\/redincola.org\/#website","url":"https:\/\/redincola.org\/","name":"Red \u00cdncola","description":"nos inspira el humanismo cristiano","publisher":{"@id":"https:\/\/redincola.org\/#organization"},"potentialAction":[{"@type":"SearchAction","target":{"@type":"EntryPoint","urlTemplate":"https:\/\/redincola.org\/?s={search_term_string}"},"query-input":{"@type":"PropertyValueSpecification","valueRequired":true,"valueName":"search_term_string"}}],"inLanguage":"en-US"},{"@type":"Organization","@id":"https:\/\/redincola.org\/#organization","name":"Red \u00cdncola","url":"https:\/\/redincola.org\/","logo":{"@type":"ImageObject","inLanguage":"en-US","@id":"https:\/\/redincola.org\/#\/schema\/logo\/image\/","url":"https:\/\/redincola.org\/wp-content\/uploads\/2019\/07\/logo-fundacio\u0301n-red-incola.png","contentUrl":"https:\/\/redincola.org\/wp-content\/uploads\/2019\/07\/logo-fundacio\u0301n-red-incola.png","width":800,"height":145,"caption":"Red \u00cdncola"},"image":{"@id":"https:\/\/redincola.org\/#\/schema\/logo\/image\/"}},{"@type":"Person","@id":"https:\/\/redincola.org\/#\/schema\/person\/5de58cd041e93847148ecf1b5adc86e0","name":"Silvia","image":{"@type":"ImageObject","inLanguage":"en-US","@id":"https:\/\/secure.gravatar.com\/avatar\/0da8c1efa10d8a584d86943c52f6cd925057e7d849d1c0d58bb11a4bfa85cff0?s=96&d=mm&r=g","url":"https:\/\/secure.gravatar.com\/avatar\/0da8c1efa10d8a584d86943c52f6cd925057e7d849d1c0d58bb11a4bfa85cff0?s=96&d=mm&r=g","contentUrl":"https:\/\/secure.gravatar.com\/avatar\/0da8c1efa10d8a584d86943c52f6cd925057e7d849d1c0d58bb11a4bfa85cff0?s=96&d=mm&r=g","caption":"Silvia"},"url":"https:\/\/redincola.org\/en\/author\/silvia\/"}]}},"_links":{"self":[{"href":"https:\/\/redincola.org\/en\/wp-json\/wp\/v2\/posts\/2715","targetHints":{"allow":["GET"]}}],"collection":[{"href":"https:\/\/redincola.org\/en\/wp-json\/wp\/v2\/posts"}],"about":[{"href":"https:\/\/redincola.org\/en\/wp-json\/wp\/v2\/types\/post"}],"author":[{"embeddable":true,"href":"https:\/\/redincola.org\/en\/wp-json\/wp\/v2\/users\/2"}],"replies":[{"embeddable":true,"href":"https:\/\/redincola.org\/en\/wp-json\/wp\/v2\/comments?post=2715"}],"version-history":[{"count":9,"href":"https:\/\/redincola.org\/en\/wp-json\/wp\/v2\/posts\/2715\/revisions"}],"predecessor-version":[{"id":2728,"href":"https:\/\/redincola.org\/en\/wp-json\/wp\/v2\/posts\/2715\/revisions\/2728"}],"wp:featuredmedia":[{"embeddable":true,"href":"https:\/\/redincola.org\/en\/wp-json\/wp\/v2\/media\/2721"}],"wp:attachment":[{"href":"https:\/\/redincola.org\/en\/wp-json\/wp\/v2\/media?parent=2715"}],"wp:term":[{"taxonomy":"category","embeddable":true,"href":"https:\/\/redincola.org\/en\/wp-json\/wp\/v2\/categories?post=2715"},{"taxonomy":"post_tag","embeddable":true,"href":"https:\/\/redincola.org\/en\/wp-json\/wp\/v2\/tags?post=2715"}],"curies":[{"name":"wp","href":"https:\/\/api.w.org\/{rel}","templated":true}]}}