{"id":3023,"date":"2021-02-04T09:12:00","date_gmt":"2021-02-04T08:12:00","guid":{"rendered":"https:\/\/redincola.org\/?p=3023"},"modified":"2021-02-25T08:46:00","modified_gmt":"2021-02-25T07:46:00","slug":"rompemos-la-rutina-comenzamos-los-talleres-del-tip","status":"publish","type":"post","link":"https:\/\/redincola.org\/en\/rompemos-la-rutina-comenzamos-los-talleres-del-tip\/","title":{"rendered":"\u00a1Rompemos la rutina! comenzamos los talleres del TIP"},"content":{"rendered":"\n<p>Los m\u00edercoles ya tienen una nueva actividad: teatro social contra el racismo y la islamofobia. El 3 de febrero comenzamos junto La <a href=\"\/\/www.lacandelateatroycomunidad.com\/\" target=\"_blank\" rel=\"noreferrer noopener\" aria-label=\"Candela Teatro y Comunidad (se abre en una nueva pesta\u00f1a)\">Candela Teatro y Comunidad<\/a> y con la participaci\u00f3n de 17 j\u00f3venes el primer taller del proyecto europeo <a href=\"https:\/\/redincola.org\/the-tip-theatre-tools-for-islamophobia-prevention\/\">&#8220;TIP: Herramientas teatrales para la prevenci\u00f3n de la islamofobia&#8221;<\/a><\/p>\n\n\n\n<p>El taller se imparte en el nuevo Espacio Joven Norte, con un grupo de j\u00f3venes intercultural muy diverso.  El teatro social es una metodolog\u00eda creativa, que   posibilita el conocimiento personal y social,  las din\u00e1micas invitan a la reflexi\u00f3n y la puesta en pr\u00e1ctica para desmontar  prejuicios.    <em>&#8220;sorpresa, novedad, romper la rutina, conocer a personas diferentes&#8230; &#8220;<\/em> estas fueron algunas de las palabras con las que concluyeron la primera  sesi\u00f3n.<\/p>\n\n\n\n<p>Durante el resto de las sesiones, entramos en materia espec\u00edfica, creando escenas de discriminaci\u00f3n, poni\u00e9ndonos en los zapatos de sus protagonitas y experimentando sus emociones. &#8220;Ha sido muy intenso y realmente impactante&#8221; dec\u00eda Victor al terminar una de las escenificaciones. <\/p>\n\n\n\n<p>&#8220;\u00bfC\u00f3mo podemos evitar el final sea el peor de los finales?&#8221; nos propon\u00eda Javier, de la Candela Teatro. A trav\u00e9s de esta experiencia, se crear\u00e1n herramientas y recursos de sensibilizaci\u00f3n, y en los pr\u00f3ximos meses se  realizar\u00e1n nuevos talleres y cursos de formaci\u00f3n dirigidos a diferentes perfiles de la sociedad. <\/p>\n\n\n\n<p>El 27 y 28 de febrero organizamos el taller de forma intensiva dirigido a j\u00f3venes en el espacio joven sur.  M\u00e1s  informaci\u00f3n sobre esta y otras actividades del TIP: sensibilizacion@redincola.org <\/p>\n\n\n\n<figure class=\"wp-block-image size-large\"><img fetchpriority=\"high\" decoding=\"async\" width=\"724\" height=\"1024\" src=\"https:\/\/redincola.org\/wp-content\/uploads\/2021\/02\/TeatroSocialEspaciojovenSur-724x1024.jpg\" alt=\"\" class=\"wp-image-3068\" srcset=\"https:\/\/redincola.org\/wp-content\/uploads\/2021\/02\/TeatroSocialEspaciojovenSur-724x1024.jpg 724w, https:\/\/redincola.org\/wp-content\/uploads\/2021\/02\/TeatroSocialEspaciojovenSur-212x300.jpg 212w, https:\/\/redincola.org\/wp-content\/uploads\/2021\/02\/TeatroSocialEspaciojovenSur-768x1086.jpg 768w, https:\/\/redincola.org\/wp-content\/uploads\/2021\/02\/TeatroSocialEspaciojovenSur-1086x1536.jpg 1086w, https:\/\/redincola.org\/wp-content\/uploads\/2021\/02\/TeatroSocialEspaciojovenSur-1448x2048.jpg 1448w, https:\/\/redincola.org\/wp-content\/uploads\/2021\/02\/TeatroSocialEspaciojovenSur.jpg 1754w\" sizes=\"(max-width: 724px) 100vw, 724px\" \/><\/figure>\n\n\n\n<p><\/p>\n","protected":false},"excerpt":{"rendered":"<p>Los m\u00edercoles ya tienen una nueva actividad: teatro social contra el racismo y la islamofobia. El 3 de febrero comenzamos junto La Candela Teatro y Comunidad y con la participaci\u00f3n de 17 j\u00f3venes el primer taller del proyecto europeo &#8220;TIP: Herramientas teatrales para la prevenci\u00f3n de la islamofobia&#8221; El taller se imparte en el nuevo [&hellip;]<\/p>\n","protected":false},"author":2,"featured_media":3024,"comment_status":"closed","ping_status":"closed","sticky":false,"template":"","format":"standard","meta":{"footnotes":""},"categories":[28],"tags":[131,49,148,174],"class_list":["post-3023","post","type-post","status-publish","format-standard","has-post-thumbnail","hentry","category-noticias","tag-islamofobia","tag-juventud","tag-racismo","tag-teatro-social"],"yoast_head":"<!-- This site is optimized with the Yoast SEO plugin v27.4 - https:\/\/yoast.com\/product\/yoast-seo-wordpress\/ -->\n<title>\u00a1Rompemos la rutina! comenzamos los talleres del TIP - Red \u00cdncola<\/title>\n<meta name=\"robots\" content=\"index, follow, max-snippet:-1, max-image-preview:large, max-video-preview:-1\" \/>\n<link rel=\"canonical\" href=\"https:\/\/redincola.org\/rompemos-la-rutina-comenzamos-los-talleres-del-tip\/\" \/>\n<meta property=\"og:locale\" content=\"en_US\" \/>\n<meta property=\"og:type\" content=\"article\" \/>\n<meta property=\"og:title\" content=\"\u00a1Rompemos la rutina! comenzamos los talleres del TIP - Red \u00cdncola\" \/>\n<meta property=\"og:description\" content=\"Los m\u00edercoles ya tienen una nueva actividad: teatro social contra el racismo y la islamofobia. El 3 de febrero comenzamos junto La Candela Teatro y Comunidad y con la participaci\u00f3n de 17 j\u00f3venes el primer taller del proyecto europeo &#8220;TIP: Herramientas teatrales para la prevenci\u00f3n de la islamofobia&#8221; El taller se imparte en el nuevo [&hellip;]\" \/>\n<meta property=\"og:url\" content=\"https:\/\/redincola.org\/rompemos-la-rutina-comenzamos-los-talleres-del-tip\/\" \/>\n<meta property=\"og:site_name\" content=\"Red \u00cdncola\" \/>\n<meta property=\"article:published_time\" content=\"2021-02-04T08:12:00+00:00\" \/>\n<meta property=\"article:modified_time\" content=\"2021-02-25T07:46:00+00:00\" \/>\n<meta property=\"og:image\" content=\"https:\/\/redincola.org\/wp-content\/uploads\/2021\/02\/TallerTIP1.jpg\" \/>\n\t<meta property=\"og:image:width\" content=\"600\" \/>\n\t<meta property=\"og:image:height\" content=\"400\" \/>\n\t<meta property=\"og:image:type\" content=\"image\/jpeg\" \/>\n<meta name=\"author\" content=\"Silvia\" \/>\n<meta name=\"twitter:card\" content=\"summary_large_image\" \/>\n<meta name=\"twitter:label1\" content=\"Written by\" \/>\n\t<meta name=\"twitter:data1\" content=\"Silvia\" \/>\n\t<meta name=\"twitter:label2\" content=\"Est. reading time\" \/>\n\t<meta name=\"twitter:data2\" content=\"1 minute\" \/>\n<script type=\"application\/ld+json\" class=\"yoast-schema-graph\">{\"@context\":\"https:\\\/\\\/schema.org\",\"@graph\":[{\"@type\":\"Article\",\"@id\":\"https:\\\/\\\/redincola.org\\\/rompemos-la-rutina-comenzamos-los-talleres-del-tip\\\/#article\",\"isPartOf\":{\"@id\":\"https:\\\/\\\/redincola.org\\\/rompemos-la-rutina-comenzamos-los-talleres-del-tip\\\/\"},\"author\":{\"name\":\"Silvia\",\"@id\":\"https:\\\/\\\/redincola.org\\\/#\\\/schema\\\/person\\\/5de58cd041e93847148ecf1b5adc86e0\"},\"headline\":\"\u00a1Rompemos la rutina! comenzamos los talleres del TIP\",\"datePublished\":\"2021-02-04T08:12:00+00:00\",\"dateModified\":\"2021-02-25T07:46:00+00:00\",\"mainEntityOfPage\":{\"@id\":\"https:\\\/\\\/redincola.org\\\/rompemos-la-rutina-comenzamos-los-talleres-del-tip\\\/\"},\"wordCount\":267,\"publisher\":{\"@id\":\"https:\\\/\\\/redincola.org\\\/#organization\"},\"image\":{\"@id\":\"https:\\\/\\\/redincola.org\\\/rompemos-la-rutina-comenzamos-los-talleres-del-tip\\\/#primaryimage\"},\"thumbnailUrl\":\"https:\\\/\\\/redincola.org\\\/wp-content\\\/uploads\\\/2021\\\/02\\\/TallerTIP1.jpg\",\"keywords\":[\"islamofobia\",\"juventud\",\"racismo\",\"teatro social\"],\"articleSection\":[\"Noticias\"],\"inLanguage\":\"en-US\"},{\"@type\":\"WebPage\",\"@id\":\"https:\\\/\\\/redincola.org\\\/rompemos-la-rutina-comenzamos-los-talleres-del-tip\\\/\",\"url\":\"https:\\\/\\\/redincola.org\\\/rompemos-la-rutina-comenzamos-los-talleres-del-tip\\\/\",\"name\":\"\u00a1Rompemos la rutina! comenzamos los talleres del TIP - Red \u00cdncola\",\"isPartOf\":{\"@id\":\"https:\\\/\\\/redincola.org\\\/#website\"},\"primaryImageOfPage\":{\"@id\":\"https:\\\/\\\/redincola.org\\\/rompemos-la-rutina-comenzamos-los-talleres-del-tip\\\/#primaryimage\"},\"image\":{\"@id\":\"https:\\\/\\\/redincola.org\\\/rompemos-la-rutina-comenzamos-los-talleres-del-tip\\\/#primaryimage\"},\"thumbnailUrl\":\"https:\\\/\\\/redincola.org\\\/wp-content\\\/uploads\\\/2021\\\/02\\\/TallerTIP1.jpg\",\"datePublished\":\"2021-02-04T08:12:00+00:00\",\"dateModified\":\"2021-02-25T07:46:00+00:00\",\"breadcrumb\":{\"@id\":\"https:\\\/\\\/redincola.org\\\/rompemos-la-rutina-comenzamos-los-talleres-del-tip\\\/#breadcrumb\"},\"inLanguage\":\"en-US\",\"potentialAction\":[{\"@type\":\"ReadAction\",\"target\":[\"https:\\\/\\\/redincola.org\\\/rompemos-la-rutina-comenzamos-los-talleres-del-tip\\\/\"]}]},{\"@type\":\"ImageObject\",\"inLanguage\":\"en-US\",\"@id\":\"https:\\\/\\\/redincola.org\\\/rompemos-la-rutina-comenzamos-los-talleres-del-tip\\\/#primaryimage\",\"url\":\"https:\\\/\\\/redincola.org\\\/wp-content\\\/uploads\\\/2021\\\/02\\\/TallerTIP1.jpg\",\"contentUrl\":\"https:\\\/\\\/redincola.org\\\/wp-content\\\/uploads\\\/2021\\\/02\\\/TallerTIP1.jpg\",\"width\":600,\"height\":400},{\"@type\":\"BreadcrumbList\",\"@id\":\"https:\\\/\\\/redincola.org\\\/rompemos-la-rutina-comenzamos-los-talleres-del-tip\\\/#breadcrumb\",\"itemListElement\":[{\"@type\":\"ListItem\",\"position\":1,\"name\":\"Portada\",\"item\":\"https:\\\/\\\/redincola.org\\\/\"},{\"@type\":\"ListItem\",\"position\":2,\"name\":\"\u00a1Rompemos la rutina! comenzamos los talleres del TIP\"}]},{\"@type\":\"WebSite\",\"@id\":\"https:\\\/\\\/redincola.org\\\/#website\",\"url\":\"https:\\\/\\\/redincola.org\\\/\",\"name\":\"Red \u00cdncola\",\"description\":\"nos inspira el humanismo cristiano\",\"publisher\":{\"@id\":\"https:\\\/\\\/redincola.org\\\/#organization\"},\"potentialAction\":[{\"@type\":\"SearchAction\",\"target\":{\"@type\":\"EntryPoint\",\"urlTemplate\":\"https:\\\/\\\/redincola.org\\\/?s={search_term_string}\"},\"query-input\":{\"@type\":\"PropertyValueSpecification\",\"valueRequired\":true,\"valueName\":\"search_term_string\"}}],\"inLanguage\":\"en-US\"},{\"@type\":\"Organization\",\"@id\":\"https:\\\/\\\/redincola.org\\\/#organization\",\"name\":\"Red \u00cdncola\",\"url\":\"https:\\\/\\\/redincola.org\\\/\",\"logo\":{\"@type\":\"ImageObject\",\"inLanguage\":\"en-US\",\"@id\":\"https:\\\/\\\/redincola.org\\\/#\\\/schema\\\/logo\\\/image\\\/\",\"url\":\"https:\\\/\\\/redincola.org\\\/wp-content\\\/uploads\\\/2019\\\/07\\\/logo-fundacio\u0301n-red-incola.png\",\"contentUrl\":\"https:\\\/\\\/redincola.org\\\/wp-content\\\/uploads\\\/2019\\\/07\\\/logo-fundacio\u0301n-red-incola.png\",\"width\":800,\"height\":145,\"caption\":\"Red \u00cdncola\"},\"image\":{\"@id\":\"https:\\\/\\\/redincola.org\\\/#\\\/schema\\\/logo\\\/image\\\/\"}},{\"@type\":\"Person\",\"@id\":\"https:\\\/\\\/redincola.org\\\/#\\\/schema\\\/person\\\/5de58cd041e93847148ecf1b5adc86e0\",\"name\":\"Silvia\",\"image\":{\"@type\":\"ImageObject\",\"inLanguage\":\"en-US\",\"@id\":\"https:\\\/\\\/secure.gravatar.com\\\/avatar\\\/0da8c1efa10d8a584d86943c52f6cd925057e7d849d1c0d58bb11a4bfa85cff0?s=96&d=mm&r=g\",\"url\":\"https:\\\/\\\/secure.gravatar.com\\\/avatar\\\/0da8c1efa10d8a584d86943c52f6cd925057e7d849d1c0d58bb11a4bfa85cff0?s=96&d=mm&r=g\",\"contentUrl\":\"https:\\\/\\\/secure.gravatar.com\\\/avatar\\\/0da8c1efa10d8a584d86943c52f6cd925057e7d849d1c0d58bb11a4bfa85cff0?s=96&d=mm&r=g\",\"caption\":\"Silvia\"},\"url\":\"https:\\\/\\\/redincola.org\\\/en\\\/author\\\/silvia\\\/\"}]}<\/script>\n<!-- \/ Yoast SEO plugin. -->","yoast_head_json":{"title":"\u00a1Rompemos la rutina! comenzamos los talleres del TIP - Red \u00cdncola","robots":{"index":"index","follow":"follow","max-snippet":"max-snippet:-1","max-image-preview":"max-image-preview:large","max-video-preview":"max-video-preview:-1"},"canonical":"https:\/\/redincola.org\/rompemos-la-rutina-comenzamos-los-talleres-del-tip\/","og_locale":"en_US","og_type":"article","og_title":"\u00a1Rompemos la rutina! comenzamos los talleres del TIP - Red \u00cdncola","og_description":"Los m\u00edercoles ya tienen una nueva actividad: teatro social contra el racismo y la islamofobia. El 3 de febrero comenzamos junto La Candela Teatro y Comunidad y con la participaci\u00f3n de 17 j\u00f3venes el primer taller del proyecto europeo &#8220;TIP: Herramientas teatrales para la prevenci\u00f3n de la islamofobia&#8221; El taller se imparte en el nuevo [&hellip;]","og_url":"https:\/\/redincola.org\/rompemos-la-rutina-comenzamos-los-talleres-del-tip\/","og_site_name":"Red \u00cdncola","article_published_time":"2021-02-04T08:12:00+00:00","article_modified_time":"2021-02-25T07:46:00+00:00","og_image":[{"width":600,"height":400,"url":"https:\/\/redincola.org\/wp-content\/uploads\/2021\/02\/TallerTIP1.jpg","type":"image\/jpeg"}],"author":"Silvia","twitter_card":"summary_large_image","twitter_misc":{"Written by":"Silvia","Est. reading time":"1 minute"},"schema":{"@context":"https:\/\/schema.org","@graph":[{"@type":"Article","@id":"https:\/\/redincola.org\/rompemos-la-rutina-comenzamos-los-talleres-del-tip\/#article","isPartOf":{"@id":"https:\/\/redincola.org\/rompemos-la-rutina-comenzamos-los-talleres-del-tip\/"},"author":{"name":"Silvia","@id":"https:\/\/redincola.org\/#\/schema\/person\/5de58cd041e93847148ecf1b5adc86e0"},"headline":"\u00a1Rompemos la rutina! comenzamos los talleres del TIP","datePublished":"2021-02-04T08:12:00+00:00","dateModified":"2021-02-25T07:46:00+00:00","mainEntityOfPage":{"@id":"https:\/\/redincola.org\/rompemos-la-rutina-comenzamos-los-talleres-del-tip\/"},"wordCount":267,"publisher":{"@id":"https:\/\/redincola.org\/#organization"},"image":{"@id":"https:\/\/redincola.org\/rompemos-la-rutina-comenzamos-los-talleres-del-tip\/#primaryimage"},"thumbnailUrl":"https:\/\/redincola.org\/wp-content\/uploads\/2021\/02\/TallerTIP1.jpg","keywords":["islamofobia","juventud","racismo","teatro social"],"articleSection":["Noticias"],"inLanguage":"en-US"},{"@type":"WebPage","@id":"https:\/\/redincola.org\/rompemos-la-rutina-comenzamos-los-talleres-del-tip\/","url":"https:\/\/redincola.org\/rompemos-la-rutina-comenzamos-los-talleres-del-tip\/","name":"\u00a1Rompemos la rutina! comenzamos los talleres del TIP - Red \u00cdncola","isPartOf":{"@id":"https:\/\/redincola.org\/#website"},"primaryImageOfPage":{"@id":"https:\/\/redincola.org\/rompemos-la-rutina-comenzamos-los-talleres-del-tip\/#primaryimage"},"image":{"@id":"https:\/\/redincola.org\/rompemos-la-rutina-comenzamos-los-talleres-del-tip\/#primaryimage"},"thumbnailUrl":"https:\/\/redincola.org\/wp-content\/uploads\/2021\/02\/TallerTIP1.jpg","datePublished":"2021-02-04T08:12:00+00:00","dateModified":"2021-02-25T07:46:00+00:00","breadcrumb":{"@id":"https:\/\/redincola.org\/rompemos-la-rutina-comenzamos-los-talleres-del-tip\/#breadcrumb"},"inLanguage":"en-US","potentialAction":[{"@type":"ReadAction","target":["https:\/\/redincola.org\/rompemos-la-rutina-comenzamos-los-talleres-del-tip\/"]}]},{"@type":"ImageObject","inLanguage":"en-US","@id":"https:\/\/redincola.org\/rompemos-la-rutina-comenzamos-los-talleres-del-tip\/#primaryimage","url":"https:\/\/redincola.org\/wp-content\/uploads\/2021\/02\/TallerTIP1.jpg","contentUrl":"https:\/\/redincola.org\/wp-content\/uploads\/2021\/02\/TallerTIP1.jpg","width":600,"height":400},{"@type":"BreadcrumbList","@id":"https:\/\/redincola.org\/rompemos-la-rutina-comenzamos-los-talleres-del-tip\/#breadcrumb","itemListElement":[{"@type":"ListItem","position":1,"name":"Portada","item":"https:\/\/redincola.org\/"},{"@type":"ListItem","position":2,"name":"\u00a1Rompemos la rutina! comenzamos los talleres del TIP"}]},{"@type":"WebSite","@id":"https:\/\/redincola.org\/#website","url":"https:\/\/redincola.org\/","name":"Red \u00cdncola","description":"nos inspira el humanismo cristiano","publisher":{"@id":"https:\/\/redincola.org\/#organization"},"potentialAction":[{"@type":"SearchAction","target":{"@type":"EntryPoint","urlTemplate":"https:\/\/redincola.org\/?s={search_term_string}"},"query-input":{"@type":"PropertyValueSpecification","valueRequired":true,"valueName":"search_term_string"}}],"inLanguage":"en-US"},{"@type":"Organization","@id":"https:\/\/redincola.org\/#organization","name":"Red \u00cdncola","url":"https:\/\/redincola.org\/","logo":{"@type":"ImageObject","inLanguage":"en-US","@id":"https:\/\/redincola.org\/#\/schema\/logo\/image\/","url":"https:\/\/redincola.org\/wp-content\/uploads\/2019\/07\/logo-fundacio\u0301n-red-incola.png","contentUrl":"https:\/\/redincola.org\/wp-content\/uploads\/2019\/07\/logo-fundacio\u0301n-red-incola.png","width":800,"height":145,"caption":"Red \u00cdncola"},"image":{"@id":"https:\/\/redincola.org\/#\/schema\/logo\/image\/"}},{"@type":"Person","@id":"https:\/\/redincola.org\/#\/schema\/person\/5de58cd041e93847148ecf1b5adc86e0","name":"Silvia","image":{"@type":"ImageObject","inLanguage":"en-US","@id":"https:\/\/secure.gravatar.com\/avatar\/0da8c1efa10d8a584d86943c52f6cd925057e7d849d1c0d58bb11a4bfa85cff0?s=96&d=mm&r=g","url":"https:\/\/secure.gravatar.com\/avatar\/0da8c1efa10d8a584d86943c52f6cd925057e7d849d1c0d58bb11a4bfa85cff0?s=96&d=mm&r=g","contentUrl":"https:\/\/secure.gravatar.com\/avatar\/0da8c1efa10d8a584d86943c52f6cd925057e7d849d1c0d58bb11a4bfa85cff0?s=96&d=mm&r=g","caption":"Silvia"},"url":"https:\/\/redincola.org\/en\/author\/silvia\/"}]}},"_links":{"self":[{"href":"https:\/\/redincola.org\/en\/wp-json\/wp\/v2\/posts\/3023","targetHints":{"allow":["GET"]}}],"collection":[{"href":"https:\/\/redincola.org\/en\/wp-json\/wp\/v2\/posts"}],"about":[{"href":"https:\/\/redincola.org\/en\/wp-json\/wp\/v2\/types\/post"}],"author":[{"embeddable":true,"href":"https:\/\/redincola.org\/en\/wp-json\/wp\/v2\/users\/2"}],"replies":[{"embeddable":true,"href":"https:\/\/redincola.org\/en\/wp-json\/wp\/v2\/comments?post=3023"}],"version-history":[{"count":5,"href":"https:\/\/redincola.org\/en\/wp-json\/wp\/v2\/posts\/3023\/revisions"}],"predecessor-version":[{"id":3071,"href":"https:\/\/redincola.org\/en\/wp-json\/wp\/v2\/posts\/3023\/revisions\/3071"}],"wp:featuredmedia":[{"embeddable":true,"href":"https:\/\/redincola.org\/en\/wp-json\/wp\/v2\/media\/3024"}],"wp:attachment":[{"href":"https:\/\/redincola.org\/en\/wp-json\/wp\/v2\/media?parent=3023"}],"wp:term":[{"taxonomy":"category","embeddable":true,"href":"https:\/\/redincola.org\/en\/wp-json\/wp\/v2\/categories?post=3023"},{"taxonomy":"post_tag","embeddable":true,"href":"https:\/\/redincola.org\/en\/wp-json\/wp\/v2\/tags?post=3023"}],"curies":[{"name":"wp","href":"https:\/\/api.w.org\/{rel}","templated":true}]}}