{"id":3289,"date":"2021-06-20T08:51:31","date_gmt":"2021-06-20T07:51:31","guid":{"rendered":"https:\/\/redincola.org\/?p=3289"},"modified":"2021-06-20T09:03:19","modified_gmt":"2021-06-20T08:03:19","slug":"dia-mundial-de-las-personas-refugiadas","status":"publish","type":"post","link":"https:\/\/redincola.org\/en\/dia-mundial-de-las-personas-refugiadas\/","title":{"rendered":"D\u00eda Mundial de las personas refugiadas"},"content":{"rendered":"\n<p>Cada 20 de junio se conmemora el D\u00eda Mundial de las personas refugiadas. A pesar del contexto de pandemia que vivimos, millones de personas siguen teniendo que desplazarse, arriesgando su vida. En Red \u00cdncola somos testigos de la vulnerabilidad que sufren, y trabajamos para su acogida e inclusi\u00f3n. Nos unimos con el comunicado de Confer y de la Red Migrantes con Derechos, de la que formamos parte, en nuestro compromiso con y por las personas migrantes y refugiadas. <\/p>\n\n\n\n<p>Seg\u00fan datos ofrecidos por ACNUR, al menos 79,5 millones de personas en el mundo son desplazadas y se ven obligadas a huir de suspa\u00edses de origen a causa de las guerras, persecuciones y pobreza. De esas personas al menos unas 26 millones son refugiadas, m\u00e1s  de  la  mitad  son  menores  de  18  a\u00f1os.  Estas  cifras  vuelven  a  indicarnos  que necesitamos avanzar juntos, buscando soluciones duraderas que nos ayuden a asumir el reto de las migraciones desde el respeto de los derechos humanos y la dignidad de las personas. <\/p>\n\n\n\n<p>Seguimos viendo la necesidad de apostar por una nueva Pol\u00edtica Migratoria Europea que ponga a la persona en el centro, que ofrezca una mirada integral y corresponsabilidad de los estados miembros. Al mismo tiempo es importante que se faciliten v\u00edas legales y seguras, que garanticen derechos y atiendan a las realidades actuales de la movilidad humana. <\/p>\n\n\n\n<p>El  Papa  Francisco  recalca en  este  sentido,  que  debemos \u201crecomponer la familia humana,  construir  juntos  nuestro  futuro  de  justicia  y  paz, asegurando  que nadie  quede  excluido\u201d  todo  esto  es  posible  desde  la acogida,  la  protecci\u00f3n,  la promoci\u00f3n y la integraci\u00f3n de aquellos hermanos y hermanas que se \u201cencuentran en las periferias, como son los migrantes y refugiados, desplazados y v\u00edctimas de trata\u201d. <\/p>\n\n\n\n<p>Europa  ha  vivido  a  lo largo  de  su  dilatada  historia importantes contingentes  de refugiados, junto a una hospitalidad y acogida sin igual. Junto a esto, hoy se asiste a un contexto  en  el  cada  vez  y  con  m\u00e1s  frecuencia  se  alzan  muros,  se  criminaliza  a  los defensores de derechos humanos, las pol\u00edticas migratorias son m\u00e1s estrictas y aumentan los discursos de odio y las actitudes xen\u00f3fobas. Todo esto tiene un impacto negativo en la  sociedad  civil,  pero  sobre  todo  en  la  vida  de  las personas refugiadas,   porque deteriora la cohesi\u00f3n social y amenaza a nuestra humanidad.<br><br>Hacemos una llamada a los responsables pol\u00edticos a  buscar nuevas  alternativas  para  ofrecer  una acogida integral, respetando la dignidad de las personas, garantizando los derechos de las personas y facilitando v\u00edas legales y seguras de movilidad. <\/p>\n\n\n\n<p>\u201cEstamos  llamados  a  so\u00f1ar  juntos.  No  debemos  tener  miedo  a  so\u00f1ar  y  a hacerlo como una sola humanidad\u201d, nos  jugamos  nuestro  futuro,  apostemos  por gestionar  la  diversidad,  trabajando  por  la  inclusi\u00f3n  y  la  integraci\u00f3n  de  nuestras sociedades. <\/p>\n\n\n\n<p><em>Comunicado Confer Migraciones &#8211; D\u00eda Mundial de las personas refugiadas.  <\/em><\/p>\n","protected":false},"excerpt":{"rendered":"<p>Cada 20 de junio se conmemora el D\u00eda Mundial de las personas refugiadas. A pesar del contexto de pandemia que vivimos, millones de personas siguen teniendo que desplazarse, arriesgando su vida. En Red \u00cdncola somos testigos de la vulnerabilidad que sufren, y trabajamos para su acogida e inclusi\u00f3n. Nos unimos con el comunicado de Confer [&hellip;]<\/p>\n","protected":false},"author":2,"featured_media":3292,"comment_status":"closed","ping_status":"closed","sticky":false,"template":"","format":"standard","meta":{"footnotes":""},"categories":[28],"tags":[],"class_list":["post-3289","post","type-post","status-publish","format-standard","has-post-thumbnail","hentry","category-noticias"],"yoast_head":"<!-- This site is optimized with the Yoast SEO plugin v27.4 - https:\/\/yoast.com\/product\/yoast-seo-wordpress\/ -->\n<title>D\u00eda Mundial de las personas refugiadas - Red \u00cdncola<\/title>\n<meta name=\"robots\" content=\"index, follow, max-snippet:-1, max-image-preview:large, max-video-preview:-1\" \/>\n<link rel=\"canonical\" href=\"https:\/\/redincola.org\/dia-mundial-de-las-personas-refugiadas\/\" \/>\n<meta property=\"og:locale\" content=\"en_US\" \/>\n<meta property=\"og:type\" content=\"article\" \/>\n<meta property=\"og:title\" content=\"D\u00eda Mundial de las personas refugiadas - Red \u00cdncola\" \/>\n<meta property=\"og:description\" content=\"Cada 20 de junio se conmemora el D\u00eda Mundial de las personas refugiadas. A pesar del contexto de pandemia que vivimos, millones de personas siguen teniendo que desplazarse, arriesgando su vida. En Red \u00cdncola somos testigos de la vulnerabilidad que sufren, y trabajamos para su acogida e inclusi\u00f3n. Nos unimos con el comunicado de Confer [&hellip;]\" \/>\n<meta property=\"og:url\" content=\"https:\/\/redincola.org\/dia-mundial-de-las-personas-refugiadas\/\" \/>\n<meta property=\"og:site_name\" content=\"Red \u00cdncola\" \/>\n<meta property=\"article:published_time\" content=\"2021-06-20T07:51:31+00:00\" \/>\n<meta property=\"article:modified_time\" content=\"2021-06-20T08:03:19+00:00\" \/>\n<meta property=\"og:image\" content=\"https:\/\/redincola.org\/wp-content\/uploads\/2021\/06\/Trabajo-en-red2-scaled.jpg\" \/>\n\t<meta property=\"og:image:width\" content=\"2560\" \/>\n\t<meta property=\"og:image:height\" content=\"1920\" \/>\n\t<meta property=\"og:image:type\" content=\"image\/jpeg\" \/>\n<meta name=\"author\" content=\"Silvia\" \/>\n<meta name=\"twitter:card\" content=\"summary_large_image\" \/>\n<meta name=\"twitter:label1\" content=\"Written by\" \/>\n\t<meta name=\"twitter:data1\" content=\"Silvia\" \/>\n\t<meta name=\"twitter:label2\" content=\"Est. reading time\" \/>\n\t<meta name=\"twitter:data2\" content=\"2 minutes\" \/>\n<script type=\"application\/ld+json\" class=\"yoast-schema-graph\">{\"@context\":\"https:\\\/\\\/schema.org\",\"@graph\":[{\"@type\":\"Article\",\"@id\":\"https:\\\/\\\/redincola.org\\\/dia-mundial-de-las-personas-refugiadas\\\/#article\",\"isPartOf\":{\"@id\":\"https:\\\/\\\/redincola.org\\\/dia-mundial-de-las-personas-refugiadas\\\/\"},\"author\":{\"name\":\"Silvia\",\"@id\":\"https:\\\/\\\/redincola.org\\\/#\\\/schema\\\/person\\\/5de58cd041e93847148ecf1b5adc86e0\"},\"headline\":\"D\u00eda Mundial de las personas refugiadas\",\"datePublished\":\"2021-06-20T07:51:31+00:00\",\"dateModified\":\"2021-06-20T08:03:19+00:00\",\"mainEntityOfPage\":{\"@id\":\"https:\\\/\\\/redincola.org\\\/dia-mundial-de-las-personas-refugiadas\\\/\"},\"wordCount\":490,\"publisher\":{\"@id\":\"https:\\\/\\\/redincola.org\\\/#organization\"},\"image\":{\"@id\":\"https:\\\/\\\/redincola.org\\\/dia-mundial-de-las-personas-refugiadas\\\/#primaryimage\"},\"thumbnailUrl\":\"https:\\\/\\\/redincola.org\\\/wp-content\\\/uploads\\\/2021\\\/06\\\/Trabajo-en-red2-scaled.jpg\",\"articleSection\":[\"Noticias\"],\"inLanguage\":\"en-US\"},{\"@type\":\"WebPage\",\"@id\":\"https:\\\/\\\/redincola.org\\\/dia-mundial-de-las-personas-refugiadas\\\/\",\"url\":\"https:\\\/\\\/redincola.org\\\/dia-mundial-de-las-personas-refugiadas\\\/\",\"name\":\"D\u00eda Mundial de las personas refugiadas - Red \u00cdncola\",\"isPartOf\":{\"@id\":\"https:\\\/\\\/redincola.org\\\/#website\"},\"primaryImageOfPage\":{\"@id\":\"https:\\\/\\\/redincola.org\\\/dia-mundial-de-las-personas-refugiadas\\\/#primaryimage\"},\"image\":{\"@id\":\"https:\\\/\\\/redincola.org\\\/dia-mundial-de-las-personas-refugiadas\\\/#primaryimage\"},\"thumbnailUrl\":\"https:\\\/\\\/redincola.org\\\/wp-content\\\/uploads\\\/2021\\\/06\\\/Trabajo-en-red2-scaled.jpg\",\"datePublished\":\"2021-06-20T07:51:31+00:00\",\"dateModified\":\"2021-06-20T08:03:19+00:00\",\"breadcrumb\":{\"@id\":\"https:\\\/\\\/redincola.org\\\/dia-mundial-de-las-personas-refugiadas\\\/#breadcrumb\"},\"inLanguage\":\"en-US\",\"potentialAction\":[{\"@type\":\"ReadAction\",\"target\":[\"https:\\\/\\\/redincola.org\\\/dia-mundial-de-las-personas-refugiadas\\\/\"]}]},{\"@type\":\"ImageObject\",\"inLanguage\":\"en-US\",\"@id\":\"https:\\\/\\\/redincola.org\\\/dia-mundial-de-las-personas-refugiadas\\\/#primaryimage\",\"url\":\"https:\\\/\\\/redincola.org\\\/wp-content\\\/uploads\\\/2021\\\/06\\\/Trabajo-en-red2-scaled.jpg\",\"contentUrl\":\"https:\\\/\\\/redincola.org\\\/wp-content\\\/uploads\\\/2021\\\/06\\\/Trabajo-en-red2-scaled.jpg\",\"width\":2560,\"height\":1920},{\"@type\":\"BreadcrumbList\",\"@id\":\"https:\\\/\\\/redincola.org\\\/dia-mundial-de-las-personas-refugiadas\\\/#breadcrumb\",\"itemListElement\":[{\"@type\":\"ListItem\",\"position\":1,\"name\":\"Portada\",\"item\":\"https:\\\/\\\/redincola.org\\\/\"},{\"@type\":\"ListItem\",\"position\":2,\"name\":\"D\u00eda Mundial de las personas refugiadas\"}]},{\"@type\":\"WebSite\",\"@id\":\"https:\\\/\\\/redincola.org\\\/#website\",\"url\":\"https:\\\/\\\/redincola.org\\\/\",\"name\":\"Red \u00cdncola\",\"description\":\"nos inspira el humanismo cristiano\",\"publisher\":{\"@id\":\"https:\\\/\\\/redincola.org\\\/#organization\"},\"potentialAction\":[{\"@type\":\"SearchAction\",\"target\":{\"@type\":\"EntryPoint\",\"urlTemplate\":\"https:\\\/\\\/redincola.org\\\/?s={search_term_string}\"},\"query-input\":{\"@type\":\"PropertyValueSpecification\",\"valueRequired\":true,\"valueName\":\"search_term_string\"}}],\"inLanguage\":\"en-US\"},{\"@type\":\"Organization\",\"@id\":\"https:\\\/\\\/redincola.org\\\/#organization\",\"name\":\"Red \u00cdncola\",\"url\":\"https:\\\/\\\/redincola.org\\\/\",\"logo\":{\"@type\":\"ImageObject\",\"inLanguage\":\"en-US\",\"@id\":\"https:\\\/\\\/redincola.org\\\/#\\\/schema\\\/logo\\\/image\\\/\",\"url\":\"https:\\\/\\\/redincola.org\\\/wp-content\\\/uploads\\\/2019\\\/07\\\/logo-fundacio\u0301n-red-incola.png\",\"contentUrl\":\"https:\\\/\\\/redincola.org\\\/wp-content\\\/uploads\\\/2019\\\/07\\\/logo-fundacio\u0301n-red-incola.png\",\"width\":800,\"height\":145,\"caption\":\"Red \u00cdncola\"},\"image\":{\"@id\":\"https:\\\/\\\/redincola.org\\\/#\\\/schema\\\/logo\\\/image\\\/\"}},{\"@type\":\"Person\",\"@id\":\"https:\\\/\\\/redincola.org\\\/#\\\/schema\\\/person\\\/5de58cd041e93847148ecf1b5adc86e0\",\"name\":\"Silvia\",\"image\":{\"@type\":\"ImageObject\",\"inLanguage\":\"en-US\",\"@id\":\"https:\\\/\\\/secure.gravatar.com\\\/avatar\\\/0da8c1efa10d8a584d86943c52f6cd925057e7d849d1c0d58bb11a4bfa85cff0?s=96&d=mm&r=g\",\"url\":\"https:\\\/\\\/secure.gravatar.com\\\/avatar\\\/0da8c1efa10d8a584d86943c52f6cd925057e7d849d1c0d58bb11a4bfa85cff0?s=96&d=mm&r=g\",\"contentUrl\":\"https:\\\/\\\/secure.gravatar.com\\\/avatar\\\/0da8c1efa10d8a584d86943c52f6cd925057e7d849d1c0d58bb11a4bfa85cff0?s=96&d=mm&r=g\",\"caption\":\"Silvia\"},\"url\":\"https:\\\/\\\/redincola.org\\\/en\\\/author\\\/silvia\\\/\"}]}<\/script>\n<!-- \/ Yoast SEO plugin. -->","yoast_head_json":{"title":"D\u00eda Mundial de las personas refugiadas - Red \u00cdncola","robots":{"index":"index","follow":"follow","max-snippet":"max-snippet:-1","max-image-preview":"max-image-preview:large","max-video-preview":"max-video-preview:-1"},"canonical":"https:\/\/redincola.org\/dia-mundial-de-las-personas-refugiadas\/","og_locale":"en_US","og_type":"article","og_title":"D\u00eda Mundial de las personas refugiadas - Red \u00cdncola","og_description":"Cada 20 de junio se conmemora el D\u00eda Mundial de las personas refugiadas. A pesar del contexto de pandemia que vivimos, millones de personas siguen teniendo que desplazarse, arriesgando su vida. En Red \u00cdncola somos testigos de la vulnerabilidad que sufren, y trabajamos para su acogida e inclusi\u00f3n. Nos unimos con el comunicado de Confer [&hellip;]","og_url":"https:\/\/redincola.org\/dia-mundial-de-las-personas-refugiadas\/","og_site_name":"Red \u00cdncola","article_published_time":"2021-06-20T07:51:31+00:00","article_modified_time":"2021-06-20T08:03:19+00:00","og_image":[{"width":2560,"height":1920,"url":"https:\/\/redincola.org\/wp-content\/uploads\/2021\/06\/Trabajo-en-red2-scaled.jpg","type":"image\/jpeg"}],"author":"Silvia","twitter_card":"summary_large_image","twitter_misc":{"Written by":"Silvia","Est. reading time":"2 minutes"},"schema":{"@context":"https:\/\/schema.org","@graph":[{"@type":"Article","@id":"https:\/\/redincola.org\/dia-mundial-de-las-personas-refugiadas\/#article","isPartOf":{"@id":"https:\/\/redincola.org\/dia-mundial-de-las-personas-refugiadas\/"},"author":{"name":"Silvia","@id":"https:\/\/redincola.org\/#\/schema\/person\/5de58cd041e93847148ecf1b5adc86e0"},"headline":"D\u00eda Mundial de las personas refugiadas","datePublished":"2021-06-20T07:51:31+00:00","dateModified":"2021-06-20T08:03:19+00:00","mainEntityOfPage":{"@id":"https:\/\/redincola.org\/dia-mundial-de-las-personas-refugiadas\/"},"wordCount":490,"publisher":{"@id":"https:\/\/redincola.org\/#organization"},"image":{"@id":"https:\/\/redincola.org\/dia-mundial-de-las-personas-refugiadas\/#primaryimage"},"thumbnailUrl":"https:\/\/redincola.org\/wp-content\/uploads\/2021\/06\/Trabajo-en-red2-scaled.jpg","articleSection":["Noticias"],"inLanguage":"en-US"},{"@type":"WebPage","@id":"https:\/\/redincola.org\/dia-mundial-de-las-personas-refugiadas\/","url":"https:\/\/redincola.org\/dia-mundial-de-las-personas-refugiadas\/","name":"D\u00eda Mundial de las personas refugiadas - Red \u00cdncola","isPartOf":{"@id":"https:\/\/redincola.org\/#website"},"primaryImageOfPage":{"@id":"https:\/\/redincola.org\/dia-mundial-de-las-personas-refugiadas\/#primaryimage"},"image":{"@id":"https:\/\/redincola.org\/dia-mundial-de-las-personas-refugiadas\/#primaryimage"},"thumbnailUrl":"https:\/\/redincola.org\/wp-content\/uploads\/2021\/06\/Trabajo-en-red2-scaled.jpg","datePublished":"2021-06-20T07:51:31+00:00","dateModified":"2021-06-20T08:03:19+00:00","breadcrumb":{"@id":"https:\/\/redincola.org\/dia-mundial-de-las-personas-refugiadas\/#breadcrumb"},"inLanguage":"en-US","potentialAction":[{"@type":"ReadAction","target":["https:\/\/redincola.org\/dia-mundial-de-las-personas-refugiadas\/"]}]},{"@type":"ImageObject","inLanguage":"en-US","@id":"https:\/\/redincola.org\/dia-mundial-de-las-personas-refugiadas\/#primaryimage","url":"https:\/\/redincola.org\/wp-content\/uploads\/2021\/06\/Trabajo-en-red2-scaled.jpg","contentUrl":"https:\/\/redincola.org\/wp-content\/uploads\/2021\/06\/Trabajo-en-red2-scaled.jpg","width":2560,"height":1920},{"@type":"BreadcrumbList","@id":"https:\/\/redincola.org\/dia-mundial-de-las-personas-refugiadas\/#breadcrumb","itemListElement":[{"@type":"ListItem","position":1,"name":"Portada","item":"https:\/\/redincola.org\/"},{"@type":"ListItem","position":2,"name":"D\u00eda Mundial de las personas refugiadas"}]},{"@type":"WebSite","@id":"https:\/\/redincola.org\/#website","url":"https:\/\/redincola.org\/","name":"Red \u00cdncola","description":"nos inspira el humanismo cristiano","publisher":{"@id":"https:\/\/redincola.org\/#organization"},"potentialAction":[{"@type":"SearchAction","target":{"@type":"EntryPoint","urlTemplate":"https:\/\/redincola.org\/?s={search_term_string}"},"query-input":{"@type":"PropertyValueSpecification","valueRequired":true,"valueName":"search_term_string"}}],"inLanguage":"en-US"},{"@type":"Organization","@id":"https:\/\/redincola.org\/#organization","name":"Red \u00cdncola","url":"https:\/\/redincola.org\/","logo":{"@type":"ImageObject","inLanguage":"en-US","@id":"https:\/\/redincola.org\/#\/schema\/logo\/image\/","url":"https:\/\/redincola.org\/wp-content\/uploads\/2019\/07\/logo-fundacio\u0301n-red-incola.png","contentUrl":"https:\/\/redincola.org\/wp-content\/uploads\/2019\/07\/logo-fundacio\u0301n-red-incola.png","width":800,"height":145,"caption":"Red \u00cdncola"},"image":{"@id":"https:\/\/redincola.org\/#\/schema\/logo\/image\/"}},{"@type":"Person","@id":"https:\/\/redincola.org\/#\/schema\/person\/5de58cd041e93847148ecf1b5adc86e0","name":"Silvia","image":{"@type":"ImageObject","inLanguage":"en-US","@id":"https:\/\/secure.gravatar.com\/avatar\/0da8c1efa10d8a584d86943c52f6cd925057e7d849d1c0d58bb11a4bfa85cff0?s=96&d=mm&r=g","url":"https:\/\/secure.gravatar.com\/avatar\/0da8c1efa10d8a584d86943c52f6cd925057e7d849d1c0d58bb11a4bfa85cff0?s=96&d=mm&r=g","contentUrl":"https:\/\/secure.gravatar.com\/avatar\/0da8c1efa10d8a584d86943c52f6cd925057e7d849d1c0d58bb11a4bfa85cff0?s=96&d=mm&r=g","caption":"Silvia"},"url":"https:\/\/redincola.org\/en\/author\/silvia\/"}]}},"_links":{"self":[{"href":"https:\/\/redincola.org\/en\/wp-json\/wp\/v2\/posts\/3289","targetHints":{"allow":["GET"]}}],"collection":[{"href":"https:\/\/redincola.org\/en\/wp-json\/wp\/v2\/posts"}],"about":[{"href":"https:\/\/redincola.org\/en\/wp-json\/wp\/v2\/types\/post"}],"author":[{"embeddable":true,"href":"https:\/\/redincola.org\/en\/wp-json\/wp\/v2\/users\/2"}],"replies":[{"embeddable":true,"href":"https:\/\/redincola.org\/en\/wp-json\/wp\/v2\/comments?post=3289"}],"version-history":[{"count":5,"href":"https:\/\/redincola.org\/en\/wp-json\/wp\/v2\/posts\/3289\/revisions"}],"predecessor-version":[{"id":3296,"href":"https:\/\/redincola.org\/en\/wp-json\/wp\/v2\/posts\/3289\/revisions\/3296"}],"wp:featuredmedia":[{"embeddable":true,"href":"https:\/\/redincola.org\/en\/wp-json\/wp\/v2\/media\/3292"}],"wp:attachment":[{"href":"https:\/\/redincola.org\/en\/wp-json\/wp\/v2\/media?parent=3289"}],"wp:term":[{"taxonomy":"category","embeddable":true,"href":"https:\/\/redincola.org\/en\/wp-json\/wp\/v2\/categories?post=3289"},{"taxonomy":"post_tag","embeddable":true,"href":"https:\/\/redincola.org\/en\/wp-json\/wp\/v2\/tags?post=3289"}],"curies":[{"name":"wp","href":"https:\/\/api.w.org\/{rel}","templated":true}]}}