{"id":3300,"date":"2021-06-23T14:12:37","date_gmt":"2021-06-23T13:12:37","guid":{"rendered":"https:\/\/redincola.org\/?p=3300"},"modified":"2021-10-15T08:40:15","modified_gmt":"2021-10-15T07:40:15","slug":"presentamos-la-memoria-2020-compartiendovida","status":"publish","type":"post","link":"https:\/\/redincola.org\/en\/presentamos-la-memoria-2020-compartiendovida\/","title":{"rendered":"Presentamos la memoria 2020 #CompartiendoVida"},"content":{"rendered":"\n<p>Como otros a\u00f1os, presentamos esta memoria de actividades de Red \u00cdncola del a\u00f1o 2020, a\u00f1o en el que deber\u00edamos haber celebrado, por todo lo alto, el d\u00e9cimo aniversario de la constituci\u00f3n como Fundaci\u00f3n de la Red. Lamentablemente no fue un buen a\u00f1o para celebraciones, por eso queremos aprovechar esta presentaci\u00f3n para agradeceros a quienes hac\u00e9is posible nuestro trabajo: voluntariado, trabajadores, socios, donantes y dem\u00e1s colaboradores, vuestro generoso, fiel e incondicional apoyo.<\/p>\n\n\n\n<p>El pasado a\u00f1o supuso todo un reto para llevar a cabo nuestra misi\u00f3n de acompa\u00f1ar, defender y servir a las personas m\u00e1s vulnerables. En la Red vemos con agradecimiento vuestra respuesta al reto que supuso mantener nuestra actividad de atenci\u00f3n a nuestros participantes de los programas a pesar de las dificultades sobrevenidas. <\/p>\n\n\n\n<p>Desde el primer momento adaptamos nuestro trabajo, con ayuda de las nuevas tecnolog\u00edas, para mantenernos en contacto con las personas a las que acompa\u00f1amos. Tanto trabajadores como el voluntariado hicieron un gran esfuerzo para trabajar desde sus domicilios durante los meses de confinamiento, y transmitir confianza y apoyo a quienes eran m\u00e1s vulnerables al impacto de la crisis.  Las limitaciones impuestas al contacto personal o a las actividades presenciales, como refleja nuestra memoria, nos oblig\u00f3 a modificar nuestra forma y tipo de atenci\u00f3n a las personas que lo necesitaban, sustituyendo alg\u00fan programa que resultaba inviable por otro tipo de atenci\u00f3n. <\/p>\n\n\n\n<p>Afortunadamente contamos con el esfuerzo y dedicaci\u00f3n de mucha gente dispuesta a ser fuente de esperanza para superar los momentos de soledad y p\u00e9rdida de relaciones que ha supuesto la pandemia. Si a\u00fan no formas parte de este gran proyecto: \u00a1an\u00edmate!, te estamos esperando con los brazos abiertos. <\/p>\n\n\n\n<p>Os compartimos el video de la presentaci\u00f3n de la memoria. En la rueda de prensa participaron Chus Land\u00e1buru  y Eduardo Menchaca, presidente y coordinador de Red \u00cdncola que pusieron el contexto y cifras de la memoria. Despu\u00e9s pudimos escuchar el testimonio de Nadia, Daniela y Naima, tres mujeres, participantes de los programas.  Mujeres que luchan cada d\u00eda por salir adelante, que se esfuerzan por aprender espa\u00f1ol, buscar trabajo y formarse. El rostro de una migraci\u00f3n femenina que se enfrenta a una doble discriminaci\u00f3n. <\/p>\n\n\n\n<figure class=\"wp-block-embed-youtube wp-block-embed is-type-video is-provider-youtube wp-embed-aspect-16-9 wp-has-aspect-ratio\"><div class=\"wp-block-embed__wrapper\">\n<iframe title=\"Memoria 2020 Fundaci\u00f3n Red \u00cdncola\" width=\"800\" height=\"450\" src=\"https:\/\/www.youtube.com\/embed\/b_87BiAT4DQ?feature=oembed\" frameborder=\"0\" allow=\"accelerometer; autoplay; clipboard-write; encrypted-media; gyroscope; picture-in-picture\" allowfullscreen><\/iframe>\n<\/div><\/figure>\n\n\n\n<div class=\"wp-block-file\"><a href=\"https:\/\/redincola.org\/wp-content\/uploads\/2021\/06\/MEMORIA-RED-\u00cdNCOLA_2020_final_v3.pdf\">MEMORIA RED \u00cdNCOLA 2020<\/a><a href=\"https:\/\/redincola.org\/wp-content\/uploads\/2021\/06\/MEMORIA-RED-\u00cdNCOLA_2020_final_v3.pdf\" class=\"wp-block-file__button\" download>Descarga<\/a><\/div>\n\n\n\n<p><\/p>\n","protected":false},"excerpt":{"rendered":"<p>Como otros a\u00f1os, presentamos esta memoria de actividades de Red \u00cdncola del a\u00f1o 2020, a\u00f1o en el que deber\u00edamos haber celebrado, por todo lo alto, el d\u00e9cimo aniversario de la constituci\u00f3n como Fundaci\u00f3n de la Red. Lamentablemente no fue un buen a\u00f1o para celebraciones, por eso queremos aprovechar esta presentaci\u00f3n para agradeceros a quienes hac\u00e9is [&hellip;]<\/p>\n","protected":false},"author":2,"featured_media":3303,"comment_status":"closed","ping_status":"closed","sticky":false,"template":"","format":"standard","meta":{"footnotes":""},"categories":[28],"tags":[70,215,94],"class_list":["post-3300","post","type-post","status-publish","format-standard","has-post-thumbnail","hentry","category-noticias","tag-inclusion","tag-memoria","tag-migracion"],"yoast_head":"<!-- This site is optimized with the Yoast SEO plugin v27.4 - https:\/\/yoast.com\/product\/yoast-seo-wordpress\/ -->\n<title>Presentamos la memoria 2020 #CompartiendoVida - Red \u00cdncola<\/title>\n<meta name=\"robots\" content=\"index, follow, max-snippet:-1, max-image-preview:large, max-video-preview:-1\" \/>\n<link rel=\"canonical\" href=\"https:\/\/redincola.org\/presentamos-la-memoria-2020-compartiendovida\/\" \/>\n<meta property=\"og:locale\" content=\"en_US\" \/>\n<meta property=\"og:type\" content=\"article\" \/>\n<meta property=\"og:title\" content=\"Presentamos la memoria 2020 #CompartiendoVida - Red \u00cdncola\" \/>\n<meta property=\"og:description\" content=\"Como otros a\u00f1os, presentamos esta memoria de actividades de Red \u00cdncola del a\u00f1o 2020, a\u00f1o en el que deber\u00edamos haber celebrado, por todo lo alto, el d\u00e9cimo aniversario de la constituci\u00f3n como Fundaci\u00f3n de la Red. Lamentablemente no fue un buen a\u00f1o para celebraciones, por eso queremos aprovechar esta presentaci\u00f3n para agradeceros a quienes hac\u00e9is [&hellip;]\" \/>\n<meta property=\"og:url\" content=\"https:\/\/redincola.org\/presentamos-la-memoria-2020-compartiendovida\/\" \/>\n<meta property=\"og:site_name\" content=\"Red \u00cdncola\" \/>\n<meta property=\"article:published_time\" content=\"2021-06-23T13:12:37+00:00\" \/>\n<meta property=\"article:modified_time\" content=\"2021-10-15T07:40:15+00:00\" \/>\n<meta property=\"og:image\" content=\"https:\/\/redincola.org\/wp-content\/uploads\/2021\/06\/1624453177540-scaled.jpg\" \/>\n\t<meta property=\"og:image:width\" content=\"2560\" \/>\n\t<meta property=\"og:image:height\" content=\"1920\" \/>\n\t<meta property=\"og:image:type\" content=\"image\/jpeg\" \/>\n<meta name=\"author\" content=\"Silvia\" \/>\n<meta name=\"twitter:card\" content=\"summary_large_image\" \/>\n<meta name=\"twitter:label1\" content=\"Written by\" \/>\n\t<meta name=\"twitter:data1\" content=\"Silvia\" \/>\n\t<meta name=\"twitter:label2\" content=\"Est. reading time\" \/>\n\t<meta name=\"twitter:data2\" content=\"2 minutes\" \/>\n<script type=\"application\/ld+json\" class=\"yoast-schema-graph\">{\"@context\":\"https:\\\/\\\/schema.org\",\"@graph\":[{\"@type\":\"Article\",\"@id\":\"https:\\\/\\\/redincola.org\\\/presentamos-la-memoria-2020-compartiendovida\\\/#article\",\"isPartOf\":{\"@id\":\"https:\\\/\\\/redincola.org\\\/presentamos-la-memoria-2020-compartiendovida\\\/\"},\"author\":{\"name\":\"Silvia\",\"@id\":\"https:\\\/\\\/redincola.org\\\/#\\\/schema\\\/person\\\/5de58cd041e93847148ecf1b5adc86e0\"},\"headline\":\"Presentamos la memoria 2020 #CompartiendoVida\",\"datePublished\":\"2021-06-23T13:12:37+00:00\",\"dateModified\":\"2021-10-15T07:40:15+00:00\",\"mainEntityOfPage\":{\"@id\":\"https:\\\/\\\/redincola.org\\\/presentamos-la-memoria-2020-compartiendovida\\\/\"},\"wordCount\":403,\"publisher\":{\"@id\":\"https:\\\/\\\/redincola.org\\\/#organization\"},\"image\":{\"@id\":\"https:\\\/\\\/redincola.org\\\/presentamos-la-memoria-2020-compartiendovida\\\/#primaryimage\"},\"thumbnailUrl\":\"https:\\\/\\\/redincola.org\\\/wp-content\\\/uploads\\\/2021\\\/06\\\/1624453177540-scaled.jpg\",\"keywords\":[\"Inclusion\",\"memoria\",\"migracion\"],\"articleSection\":[\"Noticias\"],\"inLanguage\":\"en-US\"},{\"@type\":\"WebPage\",\"@id\":\"https:\\\/\\\/redincola.org\\\/presentamos-la-memoria-2020-compartiendovida\\\/\",\"url\":\"https:\\\/\\\/redincola.org\\\/presentamos-la-memoria-2020-compartiendovida\\\/\",\"name\":\"Presentamos la memoria 2020 #CompartiendoVida - Red \u00cdncola\",\"isPartOf\":{\"@id\":\"https:\\\/\\\/redincola.org\\\/#website\"},\"primaryImageOfPage\":{\"@id\":\"https:\\\/\\\/redincola.org\\\/presentamos-la-memoria-2020-compartiendovida\\\/#primaryimage\"},\"image\":{\"@id\":\"https:\\\/\\\/redincola.org\\\/presentamos-la-memoria-2020-compartiendovida\\\/#primaryimage\"},\"thumbnailUrl\":\"https:\\\/\\\/redincola.org\\\/wp-content\\\/uploads\\\/2021\\\/06\\\/1624453177540-scaled.jpg\",\"datePublished\":\"2021-06-23T13:12:37+00:00\",\"dateModified\":\"2021-10-15T07:40:15+00:00\",\"breadcrumb\":{\"@id\":\"https:\\\/\\\/redincola.org\\\/presentamos-la-memoria-2020-compartiendovida\\\/#breadcrumb\"},\"inLanguage\":\"en-US\",\"potentialAction\":[{\"@type\":\"ReadAction\",\"target\":[\"https:\\\/\\\/redincola.org\\\/presentamos-la-memoria-2020-compartiendovida\\\/\"]}]},{\"@type\":\"ImageObject\",\"inLanguage\":\"en-US\",\"@id\":\"https:\\\/\\\/redincola.org\\\/presentamos-la-memoria-2020-compartiendovida\\\/#primaryimage\",\"url\":\"https:\\\/\\\/redincola.org\\\/wp-content\\\/uploads\\\/2021\\\/06\\\/1624453177540-scaled.jpg\",\"contentUrl\":\"https:\\\/\\\/redincola.org\\\/wp-content\\\/uploads\\\/2021\\\/06\\\/1624453177540-scaled.jpg\",\"width\":2560,\"height\":1920},{\"@type\":\"BreadcrumbList\",\"@id\":\"https:\\\/\\\/redincola.org\\\/presentamos-la-memoria-2020-compartiendovida\\\/#breadcrumb\",\"itemListElement\":[{\"@type\":\"ListItem\",\"position\":1,\"name\":\"Portada\",\"item\":\"https:\\\/\\\/redincola.org\\\/\"},{\"@type\":\"ListItem\",\"position\":2,\"name\":\"Presentamos la memoria 2020 #CompartiendoVida\"}]},{\"@type\":\"WebSite\",\"@id\":\"https:\\\/\\\/redincola.org\\\/#website\",\"url\":\"https:\\\/\\\/redincola.org\\\/\",\"name\":\"Red \u00cdncola\",\"description\":\"nos inspira el humanismo cristiano\",\"publisher\":{\"@id\":\"https:\\\/\\\/redincola.org\\\/#organization\"},\"potentialAction\":[{\"@type\":\"SearchAction\",\"target\":{\"@type\":\"EntryPoint\",\"urlTemplate\":\"https:\\\/\\\/redincola.org\\\/?s={search_term_string}\"},\"query-input\":{\"@type\":\"PropertyValueSpecification\",\"valueRequired\":true,\"valueName\":\"search_term_string\"}}],\"inLanguage\":\"en-US\"},{\"@type\":\"Organization\",\"@id\":\"https:\\\/\\\/redincola.org\\\/#organization\",\"name\":\"Red \u00cdncola\",\"url\":\"https:\\\/\\\/redincola.org\\\/\",\"logo\":{\"@type\":\"ImageObject\",\"inLanguage\":\"en-US\",\"@id\":\"https:\\\/\\\/redincola.org\\\/#\\\/schema\\\/logo\\\/image\\\/\",\"url\":\"https:\\\/\\\/redincola.org\\\/wp-content\\\/uploads\\\/2019\\\/07\\\/logo-fundacio\u0301n-red-incola.png\",\"contentUrl\":\"https:\\\/\\\/redincola.org\\\/wp-content\\\/uploads\\\/2019\\\/07\\\/logo-fundacio\u0301n-red-incola.png\",\"width\":800,\"height\":145,\"caption\":\"Red \u00cdncola\"},\"image\":{\"@id\":\"https:\\\/\\\/redincola.org\\\/#\\\/schema\\\/logo\\\/image\\\/\"}},{\"@type\":\"Person\",\"@id\":\"https:\\\/\\\/redincola.org\\\/#\\\/schema\\\/person\\\/5de58cd041e93847148ecf1b5adc86e0\",\"name\":\"Silvia\",\"image\":{\"@type\":\"ImageObject\",\"inLanguage\":\"en-US\",\"@id\":\"https:\\\/\\\/secure.gravatar.com\\\/avatar\\\/0da8c1efa10d8a584d86943c52f6cd925057e7d849d1c0d58bb11a4bfa85cff0?s=96&d=mm&r=g\",\"url\":\"https:\\\/\\\/secure.gravatar.com\\\/avatar\\\/0da8c1efa10d8a584d86943c52f6cd925057e7d849d1c0d58bb11a4bfa85cff0?s=96&d=mm&r=g\",\"contentUrl\":\"https:\\\/\\\/secure.gravatar.com\\\/avatar\\\/0da8c1efa10d8a584d86943c52f6cd925057e7d849d1c0d58bb11a4bfa85cff0?s=96&d=mm&r=g\",\"caption\":\"Silvia\"},\"url\":\"https:\\\/\\\/redincola.org\\\/en\\\/author\\\/silvia\\\/\"}]}<\/script>\n<!-- \/ Yoast SEO plugin. -->","yoast_head_json":{"title":"Presentamos la memoria 2020 #CompartiendoVida - Red \u00cdncola","robots":{"index":"index","follow":"follow","max-snippet":"max-snippet:-1","max-image-preview":"max-image-preview:large","max-video-preview":"max-video-preview:-1"},"canonical":"https:\/\/redincola.org\/presentamos-la-memoria-2020-compartiendovida\/","og_locale":"en_US","og_type":"article","og_title":"Presentamos la memoria 2020 #CompartiendoVida - Red \u00cdncola","og_description":"Como otros a\u00f1os, presentamos esta memoria de actividades de Red \u00cdncola del a\u00f1o 2020, a\u00f1o en el que deber\u00edamos haber celebrado, por todo lo alto, el d\u00e9cimo aniversario de la constituci\u00f3n como Fundaci\u00f3n de la Red. Lamentablemente no fue un buen a\u00f1o para celebraciones, por eso queremos aprovechar esta presentaci\u00f3n para agradeceros a quienes hac\u00e9is [&hellip;]","og_url":"https:\/\/redincola.org\/presentamos-la-memoria-2020-compartiendovida\/","og_site_name":"Red \u00cdncola","article_published_time":"2021-06-23T13:12:37+00:00","article_modified_time":"2021-10-15T07:40:15+00:00","og_image":[{"width":2560,"height":1920,"url":"https:\/\/redincola.org\/wp-content\/uploads\/2021\/06\/1624453177540-scaled.jpg","type":"image\/jpeg"}],"author":"Silvia","twitter_card":"summary_large_image","twitter_misc":{"Written by":"Silvia","Est. reading time":"2 minutes"},"schema":{"@context":"https:\/\/schema.org","@graph":[{"@type":"Article","@id":"https:\/\/redincola.org\/presentamos-la-memoria-2020-compartiendovida\/#article","isPartOf":{"@id":"https:\/\/redincola.org\/presentamos-la-memoria-2020-compartiendovida\/"},"author":{"name":"Silvia","@id":"https:\/\/redincola.org\/#\/schema\/person\/5de58cd041e93847148ecf1b5adc86e0"},"headline":"Presentamos la memoria 2020 #CompartiendoVida","datePublished":"2021-06-23T13:12:37+00:00","dateModified":"2021-10-15T07:40:15+00:00","mainEntityOfPage":{"@id":"https:\/\/redincola.org\/presentamos-la-memoria-2020-compartiendovida\/"},"wordCount":403,"publisher":{"@id":"https:\/\/redincola.org\/#organization"},"image":{"@id":"https:\/\/redincola.org\/presentamos-la-memoria-2020-compartiendovida\/#primaryimage"},"thumbnailUrl":"https:\/\/redincola.org\/wp-content\/uploads\/2021\/06\/1624453177540-scaled.jpg","keywords":["Inclusion","memoria","migracion"],"articleSection":["Noticias"],"inLanguage":"en-US"},{"@type":"WebPage","@id":"https:\/\/redincola.org\/presentamos-la-memoria-2020-compartiendovida\/","url":"https:\/\/redincola.org\/presentamos-la-memoria-2020-compartiendovida\/","name":"Presentamos la memoria 2020 #CompartiendoVida - Red \u00cdncola","isPartOf":{"@id":"https:\/\/redincola.org\/#website"},"primaryImageOfPage":{"@id":"https:\/\/redincola.org\/presentamos-la-memoria-2020-compartiendovida\/#primaryimage"},"image":{"@id":"https:\/\/redincola.org\/presentamos-la-memoria-2020-compartiendovida\/#primaryimage"},"thumbnailUrl":"https:\/\/redincola.org\/wp-content\/uploads\/2021\/06\/1624453177540-scaled.jpg","datePublished":"2021-06-23T13:12:37+00:00","dateModified":"2021-10-15T07:40:15+00:00","breadcrumb":{"@id":"https:\/\/redincola.org\/presentamos-la-memoria-2020-compartiendovida\/#breadcrumb"},"inLanguage":"en-US","potentialAction":[{"@type":"ReadAction","target":["https:\/\/redincola.org\/presentamos-la-memoria-2020-compartiendovida\/"]}]},{"@type":"ImageObject","inLanguage":"en-US","@id":"https:\/\/redincola.org\/presentamos-la-memoria-2020-compartiendovida\/#primaryimage","url":"https:\/\/redincola.org\/wp-content\/uploads\/2021\/06\/1624453177540-scaled.jpg","contentUrl":"https:\/\/redincola.org\/wp-content\/uploads\/2021\/06\/1624453177540-scaled.jpg","width":2560,"height":1920},{"@type":"BreadcrumbList","@id":"https:\/\/redincola.org\/presentamos-la-memoria-2020-compartiendovida\/#breadcrumb","itemListElement":[{"@type":"ListItem","position":1,"name":"Portada","item":"https:\/\/redincola.org\/"},{"@type":"ListItem","position":2,"name":"Presentamos la memoria 2020 #CompartiendoVida"}]},{"@type":"WebSite","@id":"https:\/\/redincola.org\/#website","url":"https:\/\/redincola.org\/","name":"Red \u00cdncola","description":"nos inspira el humanismo cristiano","publisher":{"@id":"https:\/\/redincola.org\/#organization"},"potentialAction":[{"@type":"SearchAction","target":{"@type":"EntryPoint","urlTemplate":"https:\/\/redincola.org\/?s={search_term_string}"},"query-input":{"@type":"PropertyValueSpecification","valueRequired":true,"valueName":"search_term_string"}}],"inLanguage":"en-US"},{"@type":"Organization","@id":"https:\/\/redincola.org\/#organization","name":"Red \u00cdncola","url":"https:\/\/redincola.org\/","logo":{"@type":"ImageObject","inLanguage":"en-US","@id":"https:\/\/redincola.org\/#\/schema\/logo\/image\/","url":"https:\/\/redincola.org\/wp-content\/uploads\/2019\/07\/logo-fundacio\u0301n-red-incola.png","contentUrl":"https:\/\/redincola.org\/wp-content\/uploads\/2019\/07\/logo-fundacio\u0301n-red-incola.png","width":800,"height":145,"caption":"Red \u00cdncola"},"image":{"@id":"https:\/\/redincola.org\/#\/schema\/logo\/image\/"}},{"@type":"Person","@id":"https:\/\/redincola.org\/#\/schema\/person\/5de58cd041e93847148ecf1b5adc86e0","name":"Silvia","image":{"@type":"ImageObject","inLanguage":"en-US","@id":"https:\/\/secure.gravatar.com\/avatar\/0da8c1efa10d8a584d86943c52f6cd925057e7d849d1c0d58bb11a4bfa85cff0?s=96&d=mm&r=g","url":"https:\/\/secure.gravatar.com\/avatar\/0da8c1efa10d8a584d86943c52f6cd925057e7d849d1c0d58bb11a4bfa85cff0?s=96&d=mm&r=g","contentUrl":"https:\/\/secure.gravatar.com\/avatar\/0da8c1efa10d8a584d86943c52f6cd925057e7d849d1c0d58bb11a4bfa85cff0?s=96&d=mm&r=g","caption":"Silvia"},"url":"https:\/\/redincola.org\/en\/author\/silvia\/"}]}},"_links":{"self":[{"href":"https:\/\/redincola.org\/en\/wp-json\/wp\/v2\/posts\/3300","targetHints":{"allow":["GET"]}}],"collection":[{"href":"https:\/\/redincola.org\/en\/wp-json\/wp\/v2\/posts"}],"about":[{"href":"https:\/\/redincola.org\/en\/wp-json\/wp\/v2\/types\/post"}],"author":[{"embeddable":true,"href":"https:\/\/redincola.org\/en\/wp-json\/wp\/v2\/users\/2"}],"replies":[{"embeddable":true,"href":"https:\/\/redincola.org\/en\/wp-json\/wp\/v2\/comments?post=3300"}],"version-history":[{"count":3,"href":"https:\/\/redincola.org\/en\/wp-json\/wp\/v2\/posts\/3300\/revisions"}],"predecessor-version":[{"id":3306,"href":"https:\/\/redincola.org\/en\/wp-json\/wp\/v2\/posts\/3300\/revisions\/3306"}],"wp:featuredmedia":[{"embeddable":true,"href":"https:\/\/redincola.org\/en\/wp-json\/wp\/v2\/media\/3303"}],"wp:attachment":[{"href":"https:\/\/redincola.org\/en\/wp-json\/wp\/v2\/media?parent=3300"}],"wp:term":[{"taxonomy":"category","embeddable":true,"href":"https:\/\/redincola.org\/en\/wp-json\/wp\/v2\/categories?post=3300"},{"taxonomy":"post_tag","embeddable":true,"href":"https:\/\/redincola.org\/en\/wp-json\/wp\/v2\/tags?post=3300"}],"curies":[{"name":"wp","href":"https:\/\/api.w.org\/{rel}","templated":true}]}}