{"id":4068,"date":"2022-11-03T09:54:00","date_gmt":"2022-11-03T08:54:00","guid":{"rendered":"https:\/\/redincola.org\/?p=4068"},"modified":"2022-11-17T09:32:29","modified_gmt":"2022-11-17T08:32:29","slug":"cuerpo-europeo-de-solidaridad-viajar-y-tener-experiencias-de-voluntariado-fuera-de-espana","status":"publish","type":"post","link":"https:\/\/redincola.org\/en\/cuerpo-europeo-de-solidaridad-viajar-y-tener-experiencias-de-voluntariado-fuera-de-espana\/","title":{"rendered":"Cuerpo Europeo de Solidaridad: Viajar y tener experiencias de voluntariado fuera de Espa\u00f1a"},"content":{"rendered":"\n<p>Gabryel es uno de los j\u00f3venes participantes de las actividades de Rumbo Joven y este curso decidi\u00f3 realizar una experiencia de voluntariado con el Cuerpo Europeo de Solidaridad. <\/p>\n\n\n\n<p class=\"has-pale-cyan-blue-background-color has-background\"><em>Me llamo Gabryel y ahora mismo estoy en Italia haciendo un voluntariado s\u00faper chulo y me gustar\u00eda compartir con vosotros un poco de mi experiencia. Conoc\u00ed la oportunidad gracias a la organizaci\u00f3n Red \u00cdncola, con la que trabajo hace 1 a\u00f1o como voluntario, y este proyecto me est\u00e1 ayudando a desarrollar mis habilidades sociales y tambi\u00e9n a practicar\/aprender idiomas. He llegado el 03 de octubre y estoy trabajando en un agroturismo, cuidando del campo, trabajando en la cocina y cuidando de los animales. Tengo actividades todas las semanas, clases de italiano y un po\u2019 di pi\u00f9 \ud83d\ude1c<\/em><\/p>\n\n\n\n<p>\u00bfEst\u00e1s interesado en realizar este tipo de voluntariado fuera de Espa\u00f1a? En Red \u00cdncola te damos el apoyo para ponerlo en marcha. Ayudamos a buscar entidades, preparar el curriculum vitae y la carta de motivaci\u00f3n, en la que se explique qui\u00e9n es, por qu\u00e9 escoge esta organizaci\u00f3n, qu\u00e9 puede aportar y c\u00f3mo puede beneficiarle el proyecto.<\/p>\n\n\n\n<p>En el siguiente enlace, se puede obtener informaci\u00f3n acerca del Cuerpo Europeo de Solidaridad:&nbsp;<a rel=\"noreferrer noopener\" href=\"https:\/\/europa.eu\/youth\/solidarity_es\" target=\"_blank\">https:\/\/europa.eu\/youth\/solidarity_es<\/a>&nbsp;y para cualquier consulta relacionada con Red \u00cdncola, se puede escribir a: <a rel=\"noreferrer noopener\" href=\"mailto:lauragonzalezal@redincola.org\" target=\"_blank\">lauragonzalezal@redincola.org<\/a><\/p>\n","protected":false},"excerpt":{"rendered":"<p>Gabryel es uno de los j\u00f3venes participantes de las actividades de Rumbo Joven y este curso decidi\u00f3 realizar una experiencia de voluntariado con el Cuerpo Europeo de Solidaridad. Me llamo Gabryel y ahora mismo estoy en Italia haciendo un voluntariado s\u00faper chulo y me gustar\u00eda compartir con vosotros un poco de mi experiencia. Conoc\u00ed la [&hellip;]<\/p>\n","protected":false},"author":2,"featured_media":4072,"comment_status":"closed","ping_status":"closed","sticky":false,"template":"","format":"standard","meta":{"footnotes":""},"categories":[28],"tags":[],"class_list":["post-4068","post","type-post","status-publish","format-standard","has-post-thumbnail","hentry","category-noticias"],"yoast_head":"<!-- This site is optimized with the Yoast SEO plugin v27.4 - https:\/\/yoast.com\/product\/yoast-seo-wordpress\/ -->\n<title>Cuerpo Europeo de Solidaridad: Viajar y tener experiencias de voluntariado fuera de Espa\u00f1a - Red \u00cdncola<\/title>\n<meta name=\"robots\" content=\"index, follow, max-snippet:-1, max-image-preview:large, max-video-preview:-1\" \/>\n<link rel=\"canonical\" href=\"https:\/\/redincola.org\/cuerpo-europeo-de-solidaridad-viajar-y-tener-experiencias-de-voluntariado-fuera-de-espana\/\" \/>\n<meta property=\"og:locale\" content=\"en_US\" \/>\n<meta property=\"og:type\" content=\"article\" \/>\n<meta property=\"og:title\" content=\"Cuerpo Europeo de Solidaridad: Viajar y tener experiencias de voluntariado fuera de Espa\u00f1a - Red \u00cdncola\" \/>\n<meta property=\"og:description\" content=\"Gabryel es uno de los j\u00f3venes participantes de las actividades de Rumbo Joven y este curso decidi\u00f3 realizar una experiencia de voluntariado con el Cuerpo Europeo de Solidaridad. Me llamo Gabryel y ahora mismo estoy en Italia haciendo un voluntariado s\u00faper chulo y me gustar\u00eda compartir con vosotros un poco de mi experiencia. Conoc\u00ed la [&hellip;]\" \/>\n<meta property=\"og:url\" content=\"https:\/\/redincola.org\/cuerpo-europeo-de-solidaridad-viajar-y-tener-experiencias-de-voluntariado-fuera-de-espana\/\" \/>\n<meta property=\"og:site_name\" content=\"Red \u00cdncola\" \/>\n<meta property=\"article:published_time\" content=\"2022-11-03T08:54:00+00:00\" \/>\n<meta property=\"article:modified_time\" content=\"2022-11-17T08:32:29+00:00\" \/>\n<meta property=\"og:image\" content=\"https:\/\/redincola.org\/wp-content\/uploads\/2022\/11\/Gabriel-Noticia.png\" \/>\n\t<meta property=\"og:image:width\" content=\"1640\" \/>\n\t<meta property=\"og:image:height\" content=\"924\" \/>\n\t<meta property=\"og:image:type\" content=\"image\/png\" \/>\n<meta name=\"author\" content=\"Silvia\" \/>\n<meta name=\"twitter:card\" content=\"summary_large_image\" \/>\n<meta name=\"twitter:label1\" content=\"Written by\" \/>\n\t<meta name=\"twitter:data1\" content=\"Silvia\" \/>\n\t<meta name=\"twitter:label2\" content=\"Est. reading time\" \/>\n\t<meta name=\"twitter:data2\" content=\"1 minute\" \/>\n<script type=\"application\/ld+json\" class=\"yoast-schema-graph\">{\"@context\":\"https:\\\/\\\/schema.org\",\"@graph\":[{\"@type\":\"Article\",\"@id\":\"https:\\\/\\\/redincola.org\\\/cuerpo-europeo-de-solidaridad-viajar-y-tener-experiencias-de-voluntariado-fuera-de-espana\\\/#article\",\"isPartOf\":{\"@id\":\"https:\\\/\\\/redincola.org\\\/cuerpo-europeo-de-solidaridad-viajar-y-tener-experiencias-de-voluntariado-fuera-de-espana\\\/\"},\"author\":{\"name\":\"Silvia\",\"@id\":\"https:\\\/\\\/redincola.org\\\/#\\\/schema\\\/person\\\/5de58cd041e93847148ecf1b5adc86e0\"},\"headline\":\"Cuerpo Europeo de Solidaridad: Viajar y tener experiencias de voluntariado fuera de Espa\u00f1a\",\"datePublished\":\"2022-11-03T08:54:00+00:00\",\"dateModified\":\"2022-11-17T08:32:29+00:00\",\"mainEntityOfPage\":{\"@id\":\"https:\\\/\\\/redincola.org\\\/cuerpo-europeo-de-solidaridad-viajar-y-tener-experiencias-de-voluntariado-fuera-de-espana\\\/\"},\"wordCount\":243,\"publisher\":{\"@id\":\"https:\\\/\\\/redincola.org\\\/#organization\"},\"image\":{\"@id\":\"https:\\\/\\\/redincola.org\\\/cuerpo-europeo-de-solidaridad-viajar-y-tener-experiencias-de-voluntariado-fuera-de-espana\\\/#primaryimage\"},\"thumbnailUrl\":\"https:\\\/\\\/redincola.org\\\/wp-content\\\/uploads\\\/2022\\\/11\\\/Gabriel-Noticia.png\",\"articleSection\":[\"Noticias\"],\"inLanguage\":\"en-US\"},{\"@type\":\"WebPage\",\"@id\":\"https:\\\/\\\/redincola.org\\\/cuerpo-europeo-de-solidaridad-viajar-y-tener-experiencias-de-voluntariado-fuera-de-espana\\\/\",\"url\":\"https:\\\/\\\/redincola.org\\\/cuerpo-europeo-de-solidaridad-viajar-y-tener-experiencias-de-voluntariado-fuera-de-espana\\\/\",\"name\":\"Cuerpo Europeo de Solidaridad: Viajar y tener experiencias de voluntariado fuera de Espa\u00f1a - Red \u00cdncola\",\"isPartOf\":{\"@id\":\"https:\\\/\\\/redincola.org\\\/#website\"},\"primaryImageOfPage\":{\"@id\":\"https:\\\/\\\/redincola.org\\\/cuerpo-europeo-de-solidaridad-viajar-y-tener-experiencias-de-voluntariado-fuera-de-espana\\\/#primaryimage\"},\"image\":{\"@id\":\"https:\\\/\\\/redincola.org\\\/cuerpo-europeo-de-solidaridad-viajar-y-tener-experiencias-de-voluntariado-fuera-de-espana\\\/#primaryimage\"},\"thumbnailUrl\":\"https:\\\/\\\/redincola.org\\\/wp-content\\\/uploads\\\/2022\\\/11\\\/Gabriel-Noticia.png\",\"datePublished\":\"2022-11-03T08:54:00+00:00\",\"dateModified\":\"2022-11-17T08:32:29+00:00\",\"breadcrumb\":{\"@id\":\"https:\\\/\\\/redincola.org\\\/cuerpo-europeo-de-solidaridad-viajar-y-tener-experiencias-de-voluntariado-fuera-de-espana\\\/#breadcrumb\"},\"inLanguage\":\"en-US\",\"potentialAction\":[{\"@type\":\"ReadAction\",\"target\":[\"https:\\\/\\\/redincola.org\\\/cuerpo-europeo-de-solidaridad-viajar-y-tener-experiencias-de-voluntariado-fuera-de-espana\\\/\"]}]},{\"@type\":\"ImageObject\",\"inLanguage\":\"en-US\",\"@id\":\"https:\\\/\\\/redincola.org\\\/cuerpo-europeo-de-solidaridad-viajar-y-tener-experiencias-de-voluntariado-fuera-de-espana\\\/#primaryimage\",\"url\":\"https:\\\/\\\/redincola.org\\\/wp-content\\\/uploads\\\/2022\\\/11\\\/Gabriel-Noticia.png\",\"contentUrl\":\"https:\\\/\\\/redincola.org\\\/wp-content\\\/uploads\\\/2022\\\/11\\\/Gabriel-Noticia.png\",\"width\":1640,\"height\":924},{\"@type\":\"BreadcrumbList\",\"@id\":\"https:\\\/\\\/redincola.org\\\/cuerpo-europeo-de-solidaridad-viajar-y-tener-experiencias-de-voluntariado-fuera-de-espana\\\/#breadcrumb\",\"itemListElement\":[{\"@type\":\"ListItem\",\"position\":1,\"name\":\"Portada\",\"item\":\"https:\\\/\\\/redincola.org\\\/\"},{\"@type\":\"ListItem\",\"position\":2,\"name\":\"Cuerpo Europeo de Solidaridad: Viajar y tener experiencias de voluntariado fuera de Espa\u00f1a\"}]},{\"@type\":\"WebSite\",\"@id\":\"https:\\\/\\\/redincola.org\\\/#website\",\"url\":\"https:\\\/\\\/redincola.org\\\/\",\"name\":\"Red \u00cdncola\",\"description\":\"nos inspira el humanismo cristiano\",\"publisher\":{\"@id\":\"https:\\\/\\\/redincola.org\\\/#organization\"},\"potentialAction\":[{\"@type\":\"SearchAction\",\"target\":{\"@type\":\"EntryPoint\",\"urlTemplate\":\"https:\\\/\\\/redincola.org\\\/?s={search_term_string}\"},\"query-input\":{\"@type\":\"PropertyValueSpecification\",\"valueRequired\":true,\"valueName\":\"search_term_string\"}}],\"inLanguage\":\"en-US\"},{\"@type\":\"Organization\",\"@id\":\"https:\\\/\\\/redincola.org\\\/#organization\",\"name\":\"Red \u00cdncola\",\"url\":\"https:\\\/\\\/redincola.org\\\/\",\"logo\":{\"@type\":\"ImageObject\",\"inLanguage\":\"en-US\",\"@id\":\"https:\\\/\\\/redincola.org\\\/#\\\/schema\\\/logo\\\/image\\\/\",\"url\":\"https:\\\/\\\/redincola.org\\\/wp-content\\\/uploads\\\/2019\\\/07\\\/logo-fundacio\u0301n-red-incola.png\",\"contentUrl\":\"https:\\\/\\\/redincola.org\\\/wp-content\\\/uploads\\\/2019\\\/07\\\/logo-fundacio\u0301n-red-incola.png\",\"width\":800,\"height\":145,\"caption\":\"Red \u00cdncola\"},\"image\":{\"@id\":\"https:\\\/\\\/redincola.org\\\/#\\\/schema\\\/logo\\\/image\\\/\"}},{\"@type\":\"Person\",\"@id\":\"https:\\\/\\\/redincola.org\\\/#\\\/schema\\\/person\\\/5de58cd041e93847148ecf1b5adc86e0\",\"name\":\"Silvia\",\"image\":{\"@type\":\"ImageObject\",\"inLanguage\":\"en-US\",\"@id\":\"https:\\\/\\\/secure.gravatar.com\\\/avatar\\\/0da8c1efa10d8a584d86943c52f6cd925057e7d849d1c0d58bb11a4bfa85cff0?s=96&d=mm&r=g\",\"url\":\"https:\\\/\\\/secure.gravatar.com\\\/avatar\\\/0da8c1efa10d8a584d86943c52f6cd925057e7d849d1c0d58bb11a4bfa85cff0?s=96&d=mm&r=g\",\"contentUrl\":\"https:\\\/\\\/secure.gravatar.com\\\/avatar\\\/0da8c1efa10d8a584d86943c52f6cd925057e7d849d1c0d58bb11a4bfa85cff0?s=96&d=mm&r=g\",\"caption\":\"Silvia\"},\"url\":\"https:\\\/\\\/redincola.org\\\/en\\\/author\\\/silvia\\\/\"}]}<\/script>\n<!-- \/ Yoast SEO plugin. -->","yoast_head_json":{"title":"Cuerpo Europeo de Solidaridad: Viajar y tener experiencias de voluntariado fuera de Espa\u00f1a - Red \u00cdncola","robots":{"index":"index","follow":"follow","max-snippet":"max-snippet:-1","max-image-preview":"max-image-preview:large","max-video-preview":"max-video-preview:-1"},"canonical":"https:\/\/redincola.org\/cuerpo-europeo-de-solidaridad-viajar-y-tener-experiencias-de-voluntariado-fuera-de-espana\/","og_locale":"en_US","og_type":"article","og_title":"Cuerpo Europeo de Solidaridad: Viajar y tener experiencias de voluntariado fuera de Espa\u00f1a - Red \u00cdncola","og_description":"Gabryel es uno de los j\u00f3venes participantes de las actividades de Rumbo Joven y este curso decidi\u00f3 realizar una experiencia de voluntariado con el Cuerpo Europeo de Solidaridad. Me llamo Gabryel y ahora mismo estoy en Italia haciendo un voluntariado s\u00faper chulo y me gustar\u00eda compartir con vosotros un poco de mi experiencia. Conoc\u00ed la [&hellip;]","og_url":"https:\/\/redincola.org\/cuerpo-europeo-de-solidaridad-viajar-y-tener-experiencias-de-voluntariado-fuera-de-espana\/","og_site_name":"Red \u00cdncola","article_published_time":"2022-11-03T08:54:00+00:00","article_modified_time":"2022-11-17T08:32:29+00:00","og_image":[{"width":1640,"height":924,"url":"https:\/\/redincola.org\/wp-content\/uploads\/2022\/11\/Gabriel-Noticia.png","type":"image\/png"}],"author":"Silvia","twitter_card":"summary_large_image","twitter_misc":{"Written by":"Silvia","Est. reading time":"1 minute"},"schema":{"@context":"https:\/\/schema.org","@graph":[{"@type":"Article","@id":"https:\/\/redincola.org\/cuerpo-europeo-de-solidaridad-viajar-y-tener-experiencias-de-voluntariado-fuera-de-espana\/#article","isPartOf":{"@id":"https:\/\/redincola.org\/cuerpo-europeo-de-solidaridad-viajar-y-tener-experiencias-de-voluntariado-fuera-de-espana\/"},"author":{"name":"Silvia","@id":"https:\/\/redincola.org\/#\/schema\/person\/5de58cd041e93847148ecf1b5adc86e0"},"headline":"Cuerpo Europeo de Solidaridad: Viajar y tener experiencias de voluntariado fuera de Espa\u00f1a","datePublished":"2022-11-03T08:54:00+00:00","dateModified":"2022-11-17T08:32:29+00:00","mainEntityOfPage":{"@id":"https:\/\/redincola.org\/cuerpo-europeo-de-solidaridad-viajar-y-tener-experiencias-de-voluntariado-fuera-de-espana\/"},"wordCount":243,"publisher":{"@id":"https:\/\/redincola.org\/#organization"},"image":{"@id":"https:\/\/redincola.org\/cuerpo-europeo-de-solidaridad-viajar-y-tener-experiencias-de-voluntariado-fuera-de-espana\/#primaryimage"},"thumbnailUrl":"https:\/\/redincola.org\/wp-content\/uploads\/2022\/11\/Gabriel-Noticia.png","articleSection":["Noticias"],"inLanguage":"en-US"},{"@type":"WebPage","@id":"https:\/\/redincola.org\/cuerpo-europeo-de-solidaridad-viajar-y-tener-experiencias-de-voluntariado-fuera-de-espana\/","url":"https:\/\/redincola.org\/cuerpo-europeo-de-solidaridad-viajar-y-tener-experiencias-de-voluntariado-fuera-de-espana\/","name":"Cuerpo Europeo de Solidaridad: Viajar y tener experiencias de voluntariado fuera de Espa\u00f1a - Red \u00cdncola","isPartOf":{"@id":"https:\/\/redincola.org\/#website"},"primaryImageOfPage":{"@id":"https:\/\/redincola.org\/cuerpo-europeo-de-solidaridad-viajar-y-tener-experiencias-de-voluntariado-fuera-de-espana\/#primaryimage"},"image":{"@id":"https:\/\/redincola.org\/cuerpo-europeo-de-solidaridad-viajar-y-tener-experiencias-de-voluntariado-fuera-de-espana\/#primaryimage"},"thumbnailUrl":"https:\/\/redincola.org\/wp-content\/uploads\/2022\/11\/Gabriel-Noticia.png","datePublished":"2022-11-03T08:54:00+00:00","dateModified":"2022-11-17T08:32:29+00:00","breadcrumb":{"@id":"https:\/\/redincola.org\/cuerpo-europeo-de-solidaridad-viajar-y-tener-experiencias-de-voluntariado-fuera-de-espana\/#breadcrumb"},"inLanguage":"en-US","potentialAction":[{"@type":"ReadAction","target":["https:\/\/redincola.org\/cuerpo-europeo-de-solidaridad-viajar-y-tener-experiencias-de-voluntariado-fuera-de-espana\/"]}]},{"@type":"ImageObject","inLanguage":"en-US","@id":"https:\/\/redincola.org\/cuerpo-europeo-de-solidaridad-viajar-y-tener-experiencias-de-voluntariado-fuera-de-espana\/#primaryimage","url":"https:\/\/redincola.org\/wp-content\/uploads\/2022\/11\/Gabriel-Noticia.png","contentUrl":"https:\/\/redincola.org\/wp-content\/uploads\/2022\/11\/Gabriel-Noticia.png","width":1640,"height":924},{"@type":"BreadcrumbList","@id":"https:\/\/redincola.org\/cuerpo-europeo-de-solidaridad-viajar-y-tener-experiencias-de-voluntariado-fuera-de-espana\/#breadcrumb","itemListElement":[{"@type":"ListItem","position":1,"name":"Portada","item":"https:\/\/redincola.org\/"},{"@type":"ListItem","position":2,"name":"Cuerpo Europeo de Solidaridad: Viajar y tener experiencias de voluntariado fuera de Espa\u00f1a"}]},{"@type":"WebSite","@id":"https:\/\/redincola.org\/#website","url":"https:\/\/redincola.org\/","name":"Red \u00cdncola","description":"nos inspira el humanismo cristiano","publisher":{"@id":"https:\/\/redincola.org\/#organization"},"potentialAction":[{"@type":"SearchAction","target":{"@type":"EntryPoint","urlTemplate":"https:\/\/redincola.org\/?s={search_term_string}"},"query-input":{"@type":"PropertyValueSpecification","valueRequired":true,"valueName":"search_term_string"}}],"inLanguage":"en-US"},{"@type":"Organization","@id":"https:\/\/redincola.org\/#organization","name":"Red \u00cdncola","url":"https:\/\/redincola.org\/","logo":{"@type":"ImageObject","inLanguage":"en-US","@id":"https:\/\/redincola.org\/#\/schema\/logo\/image\/","url":"https:\/\/redincola.org\/wp-content\/uploads\/2019\/07\/logo-fundacio\u0301n-red-incola.png","contentUrl":"https:\/\/redincola.org\/wp-content\/uploads\/2019\/07\/logo-fundacio\u0301n-red-incola.png","width":800,"height":145,"caption":"Red \u00cdncola"},"image":{"@id":"https:\/\/redincola.org\/#\/schema\/logo\/image\/"}},{"@type":"Person","@id":"https:\/\/redincola.org\/#\/schema\/person\/5de58cd041e93847148ecf1b5adc86e0","name":"Silvia","image":{"@type":"ImageObject","inLanguage":"en-US","@id":"https:\/\/secure.gravatar.com\/avatar\/0da8c1efa10d8a584d86943c52f6cd925057e7d849d1c0d58bb11a4bfa85cff0?s=96&d=mm&r=g","url":"https:\/\/secure.gravatar.com\/avatar\/0da8c1efa10d8a584d86943c52f6cd925057e7d849d1c0d58bb11a4bfa85cff0?s=96&d=mm&r=g","contentUrl":"https:\/\/secure.gravatar.com\/avatar\/0da8c1efa10d8a584d86943c52f6cd925057e7d849d1c0d58bb11a4bfa85cff0?s=96&d=mm&r=g","caption":"Silvia"},"url":"https:\/\/redincola.org\/en\/author\/silvia\/"}]}},"_links":{"self":[{"href":"https:\/\/redincola.org\/en\/wp-json\/wp\/v2\/posts\/4068","targetHints":{"allow":["GET"]}}],"collection":[{"href":"https:\/\/redincola.org\/en\/wp-json\/wp\/v2\/posts"}],"about":[{"href":"https:\/\/redincola.org\/en\/wp-json\/wp\/v2\/types\/post"}],"author":[{"embeddable":true,"href":"https:\/\/redincola.org\/en\/wp-json\/wp\/v2\/users\/2"}],"replies":[{"embeddable":true,"href":"https:\/\/redincola.org\/en\/wp-json\/wp\/v2\/comments?post=4068"}],"version-history":[{"count":1,"href":"https:\/\/redincola.org\/en\/wp-json\/wp\/v2\/posts\/4068\/revisions"}],"predecessor-version":[{"id":4071,"href":"https:\/\/redincola.org\/en\/wp-json\/wp\/v2\/posts\/4068\/revisions\/4071"}],"wp:featuredmedia":[{"embeddable":true,"href":"https:\/\/redincola.org\/en\/wp-json\/wp\/v2\/media\/4072"}],"wp:attachment":[{"href":"https:\/\/redincola.org\/en\/wp-json\/wp\/v2\/media?parent=4068"}],"wp:term":[{"taxonomy":"category","embeddable":true,"href":"https:\/\/redincola.org\/en\/wp-json\/wp\/v2\/categories?post=4068"},{"taxonomy":"post_tag","embeddable":true,"href":"https:\/\/redincola.org\/en\/wp-json\/wp\/v2\/tags?post=4068"}],"curies":[{"name":"wp","href":"https:\/\/api.w.org\/{rel}","templated":true}]}}