{"id":4223,"date":"2022-07-04T13:49:00","date_gmt":"2022-07-04T12:49:00","guid":{"rendered":"https:\/\/redincola.org\/?p=4223"},"modified":"2023-01-27T14:09:01","modified_gmt":"2023-01-27T13:09:01","slug":"el-espacio-intercultural-maria-inmaculada-de-segovia-vuelve-a-tener-el-apoyo-de-caixabank-y-fundacion-caja-segovia","status":"publish","type":"post","link":"https:\/\/redincola.org\/en\/el-espacio-intercultural-maria-inmaculada-de-segovia-vuelve-a-tener-el-apoyo-de-caixabank-y-fundacion-caja-segovia\/","title":{"rendered":"El espacio intercultural Mar\u00eda Inmaculada de Segovia vuelve a tener el apoyo de CaixaBank y Fundaci\u00f3n Caja Segovia"},"content":{"rendered":"\n<p>El proyecto del Espacio Intercultural Mar\u00eda Inmaculada de formaci\u00f3n e inserci\u00f3n laboral ha sido una de las entidades seleccionadas por CaixaBank y Fundaci\u00f3n Caja Segovia dentro de la convocatoria Ayudas de Acci\u00f3n Social 2022. <\/p>\n\n\n\n<p>La primera acogida, la orientaci\u00f3n y apoyo emocional que realizamos es fundamental para apoyar nuevos proyectos de vida de mujeres y familias migrantes que llegan a Segovia. Desde el espacio intercultural se realiza un programa de formaci\u00f3n amplio: geriatr\u00eda, primeros auxilios, protocolo de comedor, peluquer\u00eda, inform\u00e1tica y clases de espa\u00f1ol entre otros que ayudan a mejorar la empleabilidad de las personas beneficiarias. <\/p>\n\n\n\n<p>&#8220;Las mujeres que llegan a aqu\u00ed tienen historias de migraci\u00f3n muy duras, y siguen sufriendo cuando viven situaciones de pobreza aqu\u00ed en Segovia. Algunas se sienten solas, muchas de ellas nos dicen que somos su \u00fanica familia. Por eso, cuando las mujeres nos dan la noticia de que han encontrado un trabajo, es una alegr\u00eda tan grande que se comparte con todo el centro.&#8221; relata Pilar, religiosa de Mar\u00eda Inmaculada responsable del proyecto.  <\/p>\n\n\n\n<p>En Segovia seguimos al lado de las personas que lo necesitan, y seguiremos esforz\u00e1ndonos por acompa\u00f1ar y formar especialmente a mujeres migrantes. Este proyecto est\u00e1 financiado por la Junta de Castilla y Le\u00f3n y ahora se suma CaixaBank y Fundaci\u00f3n Caja Segovia.  <\/p>\n","protected":false},"excerpt":{"rendered":"<p>El proyecto del Espacio Intercultural Mar\u00eda Inmaculada de formaci\u00f3n e inserci\u00f3n laboral ha sido una de las entidades seleccionadas por CaixaBank y Fundaci\u00f3n Caja Segovia dentro de la convocatoria Ayudas de Acci\u00f3n Social 2022. La primera acogida, la orientaci\u00f3n y apoyo emocional que realizamos es fundamental para apoyar nuevos proyectos de vida de mujeres y [&hellip;]<\/p>\n","protected":false},"author":2,"featured_media":4224,"comment_status":"closed","ping_status":"closed","sticky":false,"template":"","format":"standard","meta":{"footnotes":""},"categories":[28],"tags":[93,101,261],"class_list":["post-4223","post","type-post","status-publish","format-standard","has-post-thumbnail","hentry","category-noticias","tag-empleo","tag-formacion","tag-segovia"],"yoast_head":"<!-- This site is optimized with the Yoast SEO plugin v27.4 - https:\/\/yoast.com\/product\/yoast-seo-wordpress\/ -->\n<title>El espacio intercultural Mar\u00eda Inmaculada de Segovia vuelve a tener el apoyo de CaixaBank y Fundaci\u00f3n Caja Segovia - Red \u00cdncola<\/title>\n<meta name=\"robots\" content=\"index, follow, max-snippet:-1, max-image-preview:large, max-video-preview:-1\" \/>\n<link rel=\"canonical\" href=\"https:\/\/redincola.org\/el-espacio-intercultural-maria-inmaculada-de-segovia-vuelve-a-tener-el-apoyo-de-caixabank-y-fundacion-caja-segovia\/\" \/>\n<meta property=\"og:locale\" content=\"en_US\" \/>\n<meta property=\"og:type\" content=\"article\" \/>\n<meta property=\"og:title\" content=\"El espacio intercultural Mar\u00eda Inmaculada de Segovia vuelve a tener el apoyo de CaixaBank y Fundaci\u00f3n Caja Segovia - Red \u00cdncola\" \/>\n<meta property=\"og:description\" content=\"El proyecto del Espacio Intercultural Mar\u00eda Inmaculada de formaci\u00f3n e inserci\u00f3n laboral ha sido una de las entidades seleccionadas por CaixaBank y Fundaci\u00f3n Caja Segovia dentro de la convocatoria Ayudas de Acci\u00f3n Social 2022. La primera acogida, la orientaci\u00f3n y apoyo emocional que realizamos es fundamental para apoyar nuevos proyectos de vida de mujeres y [&hellip;]\" \/>\n<meta property=\"og:url\" content=\"https:\/\/redincola.org\/el-espacio-intercultural-maria-inmaculada-de-segovia-vuelve-a-tener-el-apoyo-de-caixabank-y-fundacion-caja-segovia\/\" \/>\n<meta property=\"og:site_name\" content=\"Red \u00cdncola\" \/>\n<meta property=\"article:published_time\" content=\"2022-07-04T12:49:00+00:00\" \/>\n<meta property=\"article:modified_time\" content=\"2023-01-27T13:09:01+00:00\" \/>\n<meta property=\"og:image\" content=\"https:\/\/redincola.org\/wp-content\/uploads\/2023\/01\/FundacionCajaSegovia-01-scaled-1.webp\" \/>\n\t<meta property=\"og:image:width\" content=\"1069\" \/>\n\t<meta property=\"og:image:height\" content=\"727\" \/>\n\t<meta property=\"og:image:type\" content=\"image\/webp\" \/>\n<meta name=\"author\" content=\"Silvia\" \/>\n<meta name=\"twitter:card\" content=\"summary_large_image\" \/>\n<meta name=\"twitter:label1\" content=\"Written by\" \/>\n\t<meta name=\"twitter:data1\" content=\"Silvia\" \/>\n\t<meta name=\"twitter:label2\" content=\"Est. reading time\" \/>\n\t<meta name=\"twitter:data2\" content=\"1 minute\" \/>\n<script type=\"application\/ld+json\" class=\"yoast-schema-graph\">{\"@context\":\"https:\\\/\\\/schema.org\",\"@graph\":[{\"@type\":\"Article\",\"@id\":\"https:\\\/\\\/redincola.org\\\/el-espacio-intercultural-maria-inmaculada-de-segovia-vuelve-a-tener-el-apoyo-de-caixabank-y-fundacion-caja-segovia\\\/#article\",\"isPartOf\":{\"@id\":\"https:\\\/\\\/redincola.org\\\/el-espacio-intercultural-maria-inmaculada-de-segovia-vuelve-a-tener-el-apoyo-de-caixabank-y-fundacion-caja-segovia\\\/\"},\"author\":{\"name\":\"Silvia\",\"@id\":\"https:\\\/\\\/redincola.org\\\/#\\\/schema\\\/person\\\/5de58cd041e93847148ecf1b5adc86e0\"},\"headline\":\"El espacio intercultural Mar\u00eda Inmaculada de Segovia vuelve a tener el apoyo de CaixaBank y Fundaci\u00f3n Caja Segovia\",\"datePublished\":\"2022-07-04T12:49:00+00:00\",\"dateModified\":\"2023-01-27T13:09:01+00:00\",\"mainEntityOfPage\":{\"@id\":\"https:\\\/\\\/redincola.org\\\/el-espacio-intercultural-maria-inmaculada-de-segovia-vuelve-a-tener-el-apoyo-de-caixabank-y-fundacion-caja-segovia\\\/\"},\"wordCount\":248,\"publisher\":{\"@id\":\"https:\\\/\\\/redincola.org\\\/#organization\"},\"image\":{\"@id\":\"https:\\\/\\\/redincola.org\\\/el-espacio-intercultural-maria-inmaculada-de-segovia-vuelve-a-tener-el-apoyo-de-caixabank-y-fundacion-caja-segovia\\\/#primaryimage\"},\"thumbnailUrl\":\"https:\\\/\\\/redincola.org\\\/wp-content\\\/uploads\\\/2023\\\/01\\\/FundacionCajaSegovia-01-scaled-1.webp\",\"keywords\":[\"empleo\",\"formacion\",\"Segovia\"],\"articleSection\":[\"Noticias\"],\"inLanguage\":\"en-US\"},{\"@type\":\"WebPage\",\"@id\":\"https:\\\/\\\/redincola.org\\\/el-espacio-intercultural-maria-inmaculada-de-segovia-vuelve-a-tener-el-apoyo-de-caixabank-y-fundacion-caja-segovia\\\/\",\"url\":\"https:\\\/\\\/redincola.org\\\/el-espacio-intercultural-maria-inmaculada-de-segovia-vuelve-a-tener-el-apoyo-de-caixabank-y-fundacion-caja-segovia\\\/\",\"name\":\"El espacio intercultural Mar\u00eda Inmaculada de Segovia vuelve a tener el apoyo de CaixaBank y Fundaci\u00f3n Caja Segovia - Red \u00cdncola\",\"isPartOf\":{\"@id\":\"https:\\\/\\\/redincola.org\\\/#website\"},\"primaryImageOfPage\":{\"@id\":\"https:\\\/\\\/redincola.org\\\/el-espacio-intercultural-maria-inmaculada-de-segovia-vuelve-a-tener-el-apoyo-de-caixabank-y-fundacion-caja-segovia\\\/#primaryimage\"},\"image\":{\"@id\":\"https:\\\/\\\/redincola.org\\\/el-espacio-intercultural-maria-inmaculada-de-segovia-vuelve-a-tener-el-apoyo-de-caixabank-y-fundacion-caja-segovia\\\/#primaryimage\"},\"thumbnailUrl\":\"https:\\\/\\\/redincola.org\\\/wp-content\\\/uploads\\\/2023\\\/01\\\/FundacionCajaSegovia-01-scaled-1.webp\",\"datePublished\":\"2022-07-04T12:49:00+00:00\",\"dateModified\":\"2023-01-27T13:09:01+00:00\",\"breadcrumb\":{\"@id\":\"https:\\\/\\\/redincola.org\\\/el-espacio-intercultural-maria-inmaculada-de-segovia-vuelve-a-tener-el-apoyo-de-caixabank-y-fundacion-caja-segovia\\\/#breadcrumb\"},\"inLanguage\":\"en-US\",\"potentialAction\":[{\"@type\":\"ReadAction\",\"target\":[\"https:\\\/\\\/redincola.org\\\/el-espacio-intercultural-maria-inmaculada-de-segovia-vuelve-a-tener-el-apoyo-de-caixabank-y-fundacion-caja-segovia\\\/\"]}]},{\"@type\":\"ImageObject\",\"inLanguage\":\"en-US\",\"@id\":\"https:\\\/\\\/redincola.org\\\/el-espacio-intercultural-maria-inmaculada-de-segovia-vuelve-a-tener-el-apoyo-de-caixabank-y-fundacion-caja-segovia\\\/#primaryimage\",\"url\":\"https:\\\/\\\/redincola.org\\\/wp-content\\\/uploads\\\/2023\\\/01\\\/FundacionCajaSegovia-01-scaled-1.webp\",\"contentUrl\":\"https:\\\/\\\/redincola.org\\\/wp-content\\\/uploads\\\/2023\\\/01\\\/FundacionCajaSegovia-01-scaled-1.webp\",\"width\":1069,\"height\":727},{\"@type\":\"BreadcrumbList\",\"@id\":\"https:\\\/\\\/redincola.org\\\/el-espacio-intercultural-maria-inmaculada-de-segovia-vuelve-a-tener-el-apoyo-de-caixabank-y-fundacion-caja-segovia\\\/#breadcrumb\",\"itemListElement\":[{\"@type\":\"ListItem\",\"position\":1,\"name\":\"Portada\",\"item\":\"https:\\\/\\\/redincola.org\\\/\"},{\"@type\":\"ListItem\",\"position\":2,\"name\":\"El espacio intercultural Mar\u00eda Inmaculada de Segovia vuelve a tener el apoyo de CaixaBank y Fundaci\u00f3n Caja Segovia\"}]},{\"@type\":\"WebSite\",\"@id\":\"https:\\\/\\\/redincola.org\\\/#website\",\"url\":\"https:\\\/\\\/redincola.org\\\/\",\"name\":\"Red \u00cdncola\",\"description\":\"nos inspira el humanismo cristiano\",\"publisher\":{\"@id\":\"https:\\\/\\\/redincola.org\\\/#organization\"},\"potentialAction\":[{\"@type\":\"SearchAction\",\"target\":{\"@type\":\"EntryPoint\",\"urlTemplate\":\"https:\\\/\\\/redincola.org\\\/?s={search_term_string}\"},\"query-input\":{\"@type\":\"PropertyValueSpecification\",\"valueRequired\":true,\"valueName\":\"search_term_string\"}}],\"inLanguage\":\"en-US\"},{\"@type\":\"Organization\",\"@id\":\"https:\\\/\\\/redincola.org\\\/#organization\",\"name\":\"Red \u00cdncola\",\"url\":\"https:\\\/\\\/redincola.org\\\/\",\"logo\":{\"@type\":\"ImageObject\",\"inLanguage\":\"en-US\",\"@id\":\"https:\\\/\\\/redincola.org\\\/#\\\/schema\\\/logo\\\/image\\\/\",\"url\":\"https:\\\/\\\/redincola.org\\\/wp-content\\\/uploads\\\/2019\\\/07\\\/logo-fundacio\u0301n-red-incola.png\",\"contentUrl\":\"https:\\\/\\\/redincola.org\\\/wp-content\\\/uploads\\\/2019\\\/07\\\/logo-fundacio\u0301n-red-incola.png\",\"width\":800,\"height\":145,\"caption\":\"Red \u00cdncola\"},\"image\":{\"@id\":\"https:\\\/\\\/redincola.org\\\/#\\\/schema\\\/logo\\\/image\\\/\"}},{\"@type\":\"Person\",\"@id\":\"https:\\\/\\\/redincola.org\\\/#\\\/schema\\\/person\\\/5de58cd041e93847148ecf1b5adc86e0\",\"name\":\"Silvia\",\"image\":{\"@type\":\"ImageObject\",\"inLanguage\":\"en-US\",\"@id\":\"https:\\\/\\\/secure.gravatar.com\\\/avatar\\\/0da8c1efa10d8a584d86943c52f6cd925057e7d849d1c0d58bb11a4bfa85cff0?s=96&d=mm&r=g\",\"url\":\"https:\\\/\\\/secure.gravatar.com\\\/avatar\\\/0da8c1efa10d8a584d86943c52f6cd925057e7d849d1c0d58bb11a4bfa85cff0?s=96&d=mm&r=g\",\"contentUrl\":\"https:\\\/\\\/secure.gravatar.com\\\/avatar\\\/0da8c1efa10d8a584d86943c52f6cd925057e7d849d1c0d58bb11a4bfa85cff0?s=96&d=mm&r=g\",\"caption\":\"Silvia\"},\"url\":\"https:\\\/\\\/redincola.org\\\/en\\\/author\\\/silvia\\\/\"}]}<\/script>\n<!-- \/ Yoast SEO plugin. -->","yoast_head_json":{"title":"El espacio intercultural Mar\u00eda Inmaculada de Segovia vuelve a tener el apoyo de CaixaBank y Fundaci\u00f3n Caja Segovia - Red \u00cdncola","robots":{"index":"index","follow":"follow","max-snippet":"max-snippet:-1","max-image-preview":"max-image-preview:large","max-video-preview":"max-video-preview:-1"},"canonical":"https:\/\/redincola.org\/el-espacio-intercultural-maria-inmaculada-de-segovia-vuelve-a-tener-el-apoyo-de-caixabank-y-fundacion-caja-segovia\/","og_locale":"en_US","og_type":"article","og_title":"El espacio intercultural Mar\u00eda Inmaculada de Segovia vuelve a tener el apoyo de CaixaBank y Fundaci\u00f3n Caja Segovia - Red \u00cdncola","og_description":"El proyecto del Espacio Intercultural Mar\u00eda Inmaculada de formaci\u00f3n e inserci\u00f3n laboral ha sido una de las entidades seleccionadas por CaixaBank y Fundaci\u00f3n Caja Segovia dentro de la convocatoria Ayudas de Acci\u00f3n Social 2022. La primera acogida, la orientaci\u00f3n y apoyo emocional que realizamos es fundamental para apoyar nuevos proyectos de vida de mujeres y [&hellip;]","og_url":"https:\/\/redincola.org\/el-espacio-intercultural-maria-inmaculada-de-segovia-vuelve-a-tener-el-apoyo-de-caixabank-y-fundacion-caja-segovia\/","og_site_name":"Red \u00cdncola","article_published_time":"2022-07-04T12:49:00+00:00","article_modified_time":"2023-01-27T13:09:01+00:00","og_image":[{"width":1069,"height":727,"url":"https:\/\/redincola.org\/wp-content\/uploads\/2023\/01\/FundacionCajaSegovia-01-scaled-1.webp","type":"image\/webp"}],"author":"Silvia","twitter_card":"summary_large_image","twitter_misc":{"Written by":"Silvia","Est. reading time":"1 minute"},"schema":{"@context":"https:\/\/schema.org","@graph":[{"@type":"Article","@id":"https:\/\/redincola.org\/el-espacio-intercultural-maria-inmaculada-de-segovia-vuelve-a-tener-el-apoyo-de-caixabank-y-fundacion-caja-segovia\/#article","isPartOf":{"@id":"https:\/\/redincola.org\/el-espacio-intercultural-maria-inmaculada-de-segovia-vuelve-a-tener-el-apoyo-de-caixabank-y-fundacion-caja-segovia\/"},"author":{"name":"Silvia","@id":"https:\/\/redincola.org\/#\/schema\/person\/5de58cd041e93847148ecf1b5adc86e0"},"headline":"El espacio intercultural Mar\u00eda Inmaculada de Segovia vuelve a tener el apoyo de CaixaBank y Fundaci\u00f3n Caja Segovia","datePublished":"2022-07-04T12:49:00+00:00","dateModified":"2023-01-27T13:09:01+00:00","mainEntityOfPage":{"@id":"https:\/\/redincola.org\/el-espacio-intercultural-maria-inmaculada-de-segovia-vuelve-a-tener-el-apoyo-de-caixabank-y-fundacion-caja-segovia\/"},"wordCount":248,"publisher":{"@id":"https:\/\/redincola.org\/#organization"},"image":{"@id":"https:\/\/redincola.org\/el-espacio-intercultural-maria-inmaculada-de-segovia-vuelve-a-tener-el-apoyo-de-caixabank-y-fundacion-caja-segovia\/#primaryimage"},"thumbnailUrl":"https:\/\/redincola.org\/wp-content\/uploads\/2023\/01\/FundacionCajaSegovia-01-scaled-1.webp","keywords":["empleo","formacion","Segovia"],"articleSection":["Noticias"],"inLanguage":"en-US"},{"@type":"WebPage","@id":"https:\/\/redincola.org\/el-espacio-intercultural-maria-inmaculada-de-segovia-vuelve-a-tener-el-apoyo-de-caixabank-y-fundacion-caja-segovia\/","url":"https:\/\/redincola.org\/el-espacio-intercultural-maria-inmaculada-de-segovia-vuelve-a-tener-el-apoyo-de-caixabank-y-fundacion-caja-segovia\/","name":"El espacio intercultural Mar\u00eda Inmaculada de Segovia vuelve a tener el apoyo de CaixaBank y Fundaci\u00f3n Caja Segovia - Red \u00cdncola","isPartOf":{"@id":"https:\/\/redincola.org\/#website"},"primaryImageOfPage":{"@id":"https:\/\/redincola.org\/el-espacio-intercultural-maria-inmaculada-de-segovia-vuelve-a-tener-el-apoyo-de-caixabank-y-fundacion-caja-segovia\/#primaryimage"},"image":{"@id":"https:\/\/redincola.org\/el-espacio-intercultural-maria-inmaculada-de-segovia-vuelve-a-tener-el-apoyo-de-caixabank-y-fundacion-caja-segovia\/#primaryimage"},"thumbnailUrl":"https:\/\/redincola.org\/wp-content\/uploads\/2023\/01\/FundacionCajaSegovia-01-scaled-1.webp","datePublished":"2022-07-04T12:49:00+00:00","dateModified":"2023-01-27T13:09:01+00:00","breadcrumb":{"@id":"https:\/\/redincola.org\/el-espacio-intercultural-maria-inmaculada-de-segovia-vuelve-a-tener-el-apoyo-de-caixabank-y-fundacion-caja-segovia\/#breadcrumb"},"inLanguage":"en-US","potentialAction":[{"@type":"ReadAction","target":["https:\/\/redincola.org\/el-espacio-intercultural-maria-inmaculada-de-segovia-vuelve-a-tener-el-apoyo-de-caixabank-y-fundacion-caja-segovia\/"]}]},{"@type":"ImageObject","inLanguage":"en-US","@id":"https:\/\/redincola.org\/el-espacio-intercultural-maria-inmaculada-de-segovia-vuelve-a-tener-el-apoyo-de-caixabank-y-fundacion-caja-segovia\/#primaryimage","url":"https:\/\/redincola.org\/wp-content\/uploads\/2023\/01\/FundacionCajaSegovia-01-scaled-1.webp","contentUrl":"https:\/\/redincola.org\/wp-content\/uploads\/2023\/01\/FundacionCajaSegovia-01-scaled-1.webp","width":1069,"height":727},{"@type":"BreadcrumbList","@id":"https:\/\/redincola.org\/el-espacio-intercultural-maria-inmaculada-de-segovia-vuelve-a-tener-el-apoyo-de-caixabank-y-fundacion-caja-segovia\/#breadcrumb","itemListElement":[{"@type":"ListItem","position":1,"name":"Portada","item":"https:\/\/redincola.org\/"},{"@type":"ListItem","position":2,"name":"El espacio intercultural Mar\u00eda Inmaculada de Segovia vuelve a tener el apoyo de CaixaBank y Fundaci\u00f3n Caja Segovia"}]},{"@type":"WebSite","@id":"https:\/\/redincola.org\/#website","url":"https:\/\/redincola.org\/","name":"Red \u00cdncola","description":"nos inspira el humanismo cristiano","publisher":{"@id":"https:\/\/redincola.org\/#organization"},"potentialAction":[{"@type":"SearchAction","target":{"@type":"EntryPoint","urlTemplate":"https:\/\/redincola.org\/?s={search_term_string}"},"query-input":{"@type":"PropertyValueSpecification","valueRequired":true,"valueName":"search_term_string"}}],"inLanguage":"en-US"},{"@type":"Organization","@id":"https:\/\/redincola.org\/#organization","name":"Red \u00cdncola","url":"https:\/\/redincola.org\/","logo":{"@type":"ImageObject","inLanguage":"en-US","@id":"https:\/\/redincola.org\/#\/schema\/logo\/image\/","url":"https:\/\/redincola.org\/wp-content\/uploads\/2019\/07\/logo-fundacio\u0301n-red-incola.png","contentUrl":"https:\/\/redincola.org\/wp-content\/uploads\/2019\/07\/logo-fundacio\u0301n-red-incola.png","width":800,"height":145,"caption":"Red \u00cdncola"},"image":{"@id":"https:\/\/redincola.org\/#\/schema\/logo\/image\/"}},{"@type":"Person","@id":"https:\/\/redincola.org\/#\/schema\/person\/5de58cd041e93847148ecf1b5adc86e0","name":"Silvia","image":{"@type":"ImageObject","inLanguage":"en-US","@id":"https:\/\/secure.gravatar.com\/avatar\/0da8c1efa10d8a584d86943c52f6cd925057e7d849d1c0d58bb11a4bfa85cff0?s=96&d=mm&r=g","url":"https:\/\/secure.gravatar.com\/avatar\/0da8c1efa10d8a584d86943c52f6cd925057e7d849d1c0d58bb11a4bfa85cff0?s=96&d=mm&r=g","contentUrl":"https:\/\/secure.gravatar.com\/avatar\/0da8c1efa10d8a584d86943c52f6cd925057e7d849d1c0d58bb11a4bfa85cff0?s=96&d=mm&r=g","caption":"Silvia"},"url":"https:\/\/redincola.org\/en\/author\/silvia\/"}]}},"_links":{"self":[{"href":"https:\/\/redincola.org\/en\/wp-json\/wp\/v2\/posts\/4223","targetHints":{"allow":["GET"]}}],"collection":[{"href":"https:\/\/redincola.org\/en\/wp-json\/wp\/v2\/posts"}],"about":[{"href":"https:\/\/redincola.org\/en\/wp-json\/wp\/v2\/types\/post"}],"author":[{"embeddable":true,"href":"https:\/\/redincola.org\/en\/wp-json\/wp\/v2\/users\/2"}],"replies":[{"embeddable":true,"href":"https:\/\/redincola.org\/en\/wp-json\/wp\/v2\/comments?post=4223"}],"version-history":[{"count":1,"href":"https:\/\/redincola.org\/en\/wp-json\/wp\/v2\/posts\/4223\/revisions"}],"predecessor-version":[{"id":4225,"href":"https:\/\/redincola.org\/en\/wp-json\/wp\/v2\/posts\/4223\/revisions\/4225"}],"wp:featuredmedia":[{"embeddable":true,"href":"https:\/\/redincola.org\/en\/wp-json\/wp\/v2\/media\/4224"}],"wp:attachment":[{"href":"https:\/\/redincola.org\/en\/wp-json\/wp\/v2\/media?parent=4223"}],"wp:term":[{"taxonomy":"category","embeddable":true,"href":"https:\/\/redincola.org\/en\/wp-json\/wp\/v2\/categories?post=4223"},{"taxonomy":"post_tag","embeddable":true,"href":"https:\/\/redincola.org\/en\/wp-json\/wp\/v2\/tags?post=4223"}],"curies":[{"name":"wp","href":"https:\/\/api.w.org\/{rel}","templated":true}]}}