{"id":435,"date":"2012-10-25T09:51:49","date_gmt":"2012-10-25T09:51:49","guid":{"rendered":"https:\/\/incola.sjdigitaldemo.ovh\/?p=435"},"modified":"2019-08-01T08:30:27","modified_gmt":"2019-08-01T08:30:27","slug":"voluntariado-de-personas-mayores-con-un-corazon-joven-y-solidario-en-red-incola","status":"publish","type":"post","link":"https:\/\/redincola.org\/en\/voluntariado-de-personas-mayores-con-un-corazon-joven-y-solidario-en-red-incola\/","title":{"rendered":"Voluntariado de personas mayores con un coraz\u00f3n joven y solidario en Red \u00cdncola"},"content":{"rendered":"\n<p><strong>Red \u00cdncola recogi\u00f3 el \u201cPremio Buenas Pr\u00e1cticas de Inclusi\u00f3n social 2012\u201d concedido por Cruz Roja Espa\u00f1ola y la Universidad Pontificia<\/strong>. Este premio se cogi\u00f3 con gran alegr\u00eda, ya que aunque la estatuilla no tiene dotaci\u00f3n econ\u00f3mica,&nbsp;<strong>pone en valor la labor de voluntariado que realizan las personas mayores en los programas de Red \u00cdncola<\/strong>, creando redes de solidaridad intergeneracional.<\/p>\n\n\n\n<p>La entrega de premios se celebr\u00f3 en el marco del&nbsp;<a target=\"_blank\" href=\"http:\/\/www.practicasinclusionl.org\/\" rel=\"noreferrer noopener\"><strong>X Seminario de Buenas pr\u00e1cticas e inclusi\u00f3n social<\/strong><\/a>&nbsp;en el Instituto Internacional en Madrid. Desde Cruz Roja y la Universidad Pontificia de Comillas, destacaron&nbsp;<strong>la importancia de compartir la experiencia de Buenas pr\u00e1cticas que se desarrollan en las entidades&nbsp;<em>\u201ccambiar la C de Copyright por R de Replicar\u201d<\/em>.&nbsp;<\/strong><\/p>\n\n\n\n<p>Tras la presentaci\u00f3n de un video que reflej\u00f3 el proyecto \u201cEncontrarse en el voluntariado\u201d,&nbsp;<strong>F\u00e9lix Revilla, presidente de Red \u00cdncola recogi\u00f3 el premio, emocionado por la valoraci\u00f3n de nuestro proyecto<\/strong>&nbsp;por parte del jurado en el proceso de evaluaci\u00f3n de los candidatos. Despu\u00e9s<strong>&nbsp;Reyes Mart\u00edn<\/strong>, responsable de voluntariado en la Red, realiz\u00f3 una exposici\u00f3n sobre&nbsp;<strong>el papel activo de las personas mayores en Red \u00cdncola. Acerc\u00f3 de forma emotiva c\u00f3mo<\/strong><strong>personas jubiladas y prejubiladas apoyan a menores, j\u00f3venes y adultos inmigrantes,<\/strong>&nbsp;ofreciendo apoyo escolar, acompa\u00f1amiento, ense\u00f1anza del espa\u00f1ol y talleres prelaborales o apoyando el servicio de ropero y reparto de alimentos, entre otros muchos\u201d.&nbsp;<\/p>\n\n\n\n<p>Junto Red \u00cdncola fueron galardonados<a target=\"_blank\" href=\"http:\/\/www.mapfre.com\/fundacion\/es\/home-fundacion-mapfre.shtml\" rel=\"noreferrer noopener\">&nbsp;Fundaci\u00f3n Mapfre<\/a>&nbsp;con el proyecto&nbsp;<strong>\u201cCon mayor cuidado<\/strong><strong>\u201d<\/strong>, la&nbsp;<a target=\"_blank\" href=\"http:\/\/www.fundacionmujeres.e\/\" rel=\"noreferrer noopener\">Fundaci\u00f3n Mujeres<\/a>&nbsp;con el proyecto&nbsp;<strong>\u201cCuidadanas\u201d<\/strong>, y la&nbsp;<a target=\"_blank\" href=\"http:\/\/www.aupex.org\/\" rel=\"noreferrer noopener\">Asociaci\u00f3n de Universidades Populares de Extremadura<\/a>&nbsp;por el proyecto&nbsp;<strong>\u201cNuestros mayores activos\u201d.&nbsp;<\/strong><\/p>\n\n\n\n<p>En el encuentro, continu\u00f3 con diferentes conferencias sobre el envejecimiento activo.&nbsp;<a target=\"_blank\" href=\"http:\/\/www.gasalla.com\/\" rel=\"noreferrer noopener\">Jos\u00e9 Mar\u00eda Gasalla<\/a>&nbsp;nos sorprendi\u00f3 con una gran intervenci\u00f3n sobre&nbsp;<strong>la creaci\u00f3n de espacios de confianza entre diferentes generaciones&nbsp;<\/strong><em><strong>\u201cLos paradigmas est\u00e1n en la cabeza, y solo se rompen confiando en las personas\u201d<\/strong><\/em>&nbsp;Tras la comida, diferentes miembros t\u00e9cnicos de los jurados compartieron los rasgos de la buenas pr\u00e1cticas de los proyectos y&nbsp;<strong>diferentes experiencias para favorecer la solidaridad intergeneracional entre diferentes colectivos<\/strong>. Durante la ma\u00f1ana del viernes, las conferencias se centraron en&nbsp;<strong>c\u00f3mo ser un ciudadano activo para poder envejecer de forma positiva, y trasmitirlo a la comunidad.&nbsp;<\/strong><\/p>\n\n\n\n<p>Desde Red \u00cdncola queremos agradecer a Cruz Roja y la Universidad de Comillas por este reconocimiento, y en especial a las personas protagonistas de este premio:<strong>&nbsp;los voluntarios y voluntarias que dan su tiempo a los dem\u00e1s, que llegan cada d\u00eda a la Red con una gran sonrisa, y que aunque sean mayores en edad, para nosotros tienen un coraz\u00f3n joven y solidario.&nbsp;<\/strong><\/p>\n","protected":false},"excerpt":{"rendered":"<p>Red \u00cdncola recogi\u00f3 el \u201cPremio Buenas Pr\u00e1cticas de Inclusi\u00f3n social 2012\u201d concedido por Cruz Roja Espa\u00f1ola y la Universidad Pontificia. Este premio se cogi\u00f3 con gran alegr\u00eda, ya que aunque la estatuilla no tiene dotaci\u00f3n econ\u00f3mica,&nbsp;pone en valor la labor de voluntariado que realizan las personas mayores en los programas de Red \u00cdncola, creando redes [&hellip;]<\/p>\n","protected":false},"author":1,"featured_media":436,"comment_status":"closed","ping_status":"open","sticky":false,"template":"","format":"standard","meta":{"footnotes":""},"categories":[28,1],"tags":[],"class_list":["post-435","post","type-post","status-publish","format-standard","has-post-thumbnail","hentry","category-noticias","category-sin-categorizar"],"yoast_head":"<!-- This site is optimized with the Yoast SEO plugin v27.4 - https:\/\/yoast.com\/product\/yoast-seo-wordpress\/ -->\n<title>Voluntariado de personas mayores con un coraz\u00f3n joven y solidario en Red \u00cdncola - Red \u00cdncola<\/title>\n<meta name=\"robots\" content=\"index, follow, max-snippet:-1, max-image-preview:large, max-video-preview:-1\" \/>\n<link rel=\"canonical\" href=\"https:\/\/redincola.org\/voluntariado-de-personas-mayores-con-un-corazon-joven-y-solidario-en-red-incola\/\" \/>\n<meta property=\"og:locale\" content=\"en_US\" \/>\n<meta property=\"og:type\" content=\"article\" \/>\n<meta property=\"og:title\" content=\"Voluntariado de personas mayores con un coraz\u00f3n joven y solidario en Red \u00cdncola - Red \u00cdncola\" \/>\n<meta property=\"og:description\" content=\"Red \u00cdncola recogi\u00f3 el \u201cPremio Buenas Pr\u00e1cticas de Inclusi\u00f3n social 2012\u201d concedido por Cruz Roja Espa\u00f1ola y la Universidad Pontificia. Este premio se cogi\u00f3 con gran alegr\u00eda, ya que aunque la estatuilla no tiene dotaci\u00f3n econ\u00f3mica,&nbsp;pone en valor la labor de voluntariado que realizan las personas mayores en los programas de Red \u00cdncola, creando redes [&hellip;]\" \/>\n<meta property=\"og:url\" content=\"https:\/\/redincola.org\/voluntariado-de-personas-mayores-con-un-corazon-joven-y-solidario-en-red-incola\/\" \/>\n<meta property=\"og:site_name\" content=\"Red \u00cdncola\" \/>\n<meta property=\"article:published_time\" content=\"2012-10-25T09:51:49+00:00\" \/>\n<meta property=\"article:modified_time\" content=\"2019-08-01T08:30:27+00:00\" \/>\n<meta property=\"og:image\" content=\"https:\/\/redincola.org\/wp-content\/uploads\/2019\/07\/309.jpg\" \/>\n\t<meta property=\"og:image:width\" content=\"450\" \/>\n\t<meta property=\"og:image:height\" content=\"297\" \/>\n\t<meta property=\"og:image:type\" content=\"image\/jpeg\" \/>\n<meta name=\"author\" content=\"admin\" \/>\n<meta name=\"twitter:card\" content=\"summary_large_image\" \/>\n<meta name=\"twitter:label1\" content=\"Written by\" \/>\n\t<meta name=\"twitter:data1\" content=\"admin\" \/>\n\t<meta name=\"twitter:label2\" content=\"Est. reading time\" \/>\n\t<meta name=\"twitter:data2\" content=\"2 minutes\" \/>\n<script type=\"application\/ld+json\" class=\"yoast-schema-graph\">{\"@context\":\"https:\\\/\\\/schema.org\",\"@graph\":[{\"@type\":\"Article\",\"@id\":\"https:\\\/\\\/redincola.org\\\/voluntariado-de-personas-mayores-con-un-corazon-joven-y-solidario-en-red-incola\\\/#article\",\"isPartOf\":{\"@id\":\"https:\\\/\\\/redincola.org\\\/voluntariado-de-personas-mayores-con-un-corazon-joven-y-solidario-en-red-incola\\\/\"},\"author\":{\"name\":\"admin\",\"@id\":\"https:\\\/\\\/redincola.org\\\/#\\\/schema\\\/person\\\/ef2d3277919dc40efbd6d6265444a1ab\"},\"headline\":\"Voluntariado de personas mayores con un coraz\u00f3n joven y solidario en Red \u00cdncola\",\"datePublished\":\"2012-10-25T09:51:49+00:00\",\"dateModified\":\"2019-08-01T08:30:27+00:00\",\"mainEntityOfPage\":{\"@id\":\"https:\\\/\\\/redincola.org\\\/voluntariado-de-personas-mayores-con-un-corazon-joven-y-solidario-en-red-incola\\\/\"},\"wordCount\":498,\"publisher\":{\"@id\":\"https:\\\/\\\/redincola.org\\\/#organization\"},\"image\":{\"@id\":\"https:\\\/\\\/redincola.org\\\/voluntariado-de-personas-mayores-con-un-corazon-joven-y-solidario-en-red-incola\\\/#primaryimage\"},\"thumbnailUrl\":\"https:\\\/\\\/redincola.org\\\/wp-content\\\/uploads\\\/2019\\\/07\\\/309.jpg\",\"articleSection\":[\"Noticias\",\"Sin categorizar\"],\"inLanguage\":\"en-US\"},{\"@type\":\"WebPage\",\"@id\":\"https:\\\/\\\/redincola.org\\\/voluntariado-de-personas-mayores-con-un-corazon-joven-y-solidario-en-red-incola\\\/\",\"url\":\"https:\\\/\\\/redincola.org\\\/voluntariado-de-personas-mayores-con-un-corazon-joven-y-solidario-en-red-incola\\\/\",\"name\":\"Voluntariado de personas mayores con un coraz\u00f3n joven y solidario en Red \u00cdncola - Red \u00cdncola\",\"isPartOf\":{\"@id\":\"https:\\\/\\\/redincola.org\\\/#website\"},\"primaryImageOfPage\":{\"@id\":\"https:\\\/\\\/redincola.org\\\/voluntariado-de-personas-mayores-con-un-corazon-joven-y-solidario-en-red-incola\\\/#primaryimage\"},\"image\":{\"@id\":\"https:\\\/\\\/redincola.org\\\/voluntariado-de-personas-mayores-con-un-corazon-joven-y-solidario-en-red-incola\\\/#primaryimage\"},\"thumbnailUrl\":\"https:\\\/\\\/redincola.org\\\/wp-content\\\/uploads\\\/2019\\\/07\\\/309.jpg\",\"datePublished\":\"2012-10-25T09:51:49+00:00\",\"dateModified\":\"2019-08-01T08:30:27+00:00\",\"breadcrumb\":{\"@id\":\"https:\\\/\\\/redincola.org\\\/voluntariado-de-personas-mayores-con-un-corazon-joven-y-solidario-en-red-incola\\\/#breadcrumb\"},\"inLanguage\":\"en-US\",\"potentialAction\":[{\"@type\":\"ReadAction\",\"target\":[\"https:\\\/\\\/redincola.org\\\/voluntariado-de-personas-mayores-con-un-corazon-joven-y-solidario-en-red-incola\\\/\"]}]},{\"@type\":\"ImageObject\",\"inLanguage\":\"en-US\",\"@id\":\"https:\\\/\\\/redincola.org\\\/voluntariado-de-personas-mayores-con-un-corazon-joven-y-solidario-en-red-incola\\\/#primaryimage\",\"url\":\"https:\\\/\\\/redincola.org\\\/wp-content\\\/uploads\\\/2019\\\/07\\\/309.jpg\",\"contentUrl\":\"https:\\\/\\\/redincola.org\\\/wp-content\\\/uploads\\\/2019\\\/07\\\/309.jpg\",\"width\":450,\"height\":297},{\"@type\":\"BreadcrumbList\",\"@id\":\"https:\\\/\\\/redincola.org\\\/voluntariado-de-personas-mayores-con-un-corazon-joven-y-solidario-en-red-incola\\\/#breadcrumb\",\"itemListElement\":[{\"@type\":\"ListItem\",\"position\":1,\"name\":\"Portada\",\"item\":\"https:\\\/\\\/redincola.org\\\/\"},{\"@type\":\"ListItem\",\"position\":2,\"name\":\"Voluntariado de personas mayores con un coraz\u00f3n joven y solidario en Red \u00cdncola\"}]},{\"@type\":\"WebSite\",\"@id\":\"https:\\\/\\\/redincola.org\\\/#website\",\"url\":\"https:\\\/\\\/redincola.org\\\/\",\"name\":\"Red \u00cdncola\",\"description\":\"nos inspira el humanismo cristiano\",\"publisher\":{\"@id\":\"https:\\\/\\\/redincola.org\\\/#organization\"},\"potentialAction\":[{\"@type\":\"SearchAction\",\"target\":{\"@type\":\"EntryPoint\",\"urlTemplate\":\"https:\\\/\\\/redincola.org\\\/?s={search_term_string}\"},\"query-input\":{\"@type\":\"PropertyValueSpecification\",\"valueRequired\":true,\"valueName\":\"search_term_string\"}}],\"inLanguage\":\"en-US\"},{\"@type\":\"Organization\",\"@id\":\"https:\\\/\\\/redincola.org\\\/#organization\",\"name\":\"Red \u00cdncola\",\"url\":\"https:\\\/\\\/redincola.org\\\/\",\"logo\":{\"@type\":\"ImageObject\",\"inLanguage\":\"en-US\",\"@id\":\"https:\\\/\\\/redincola.org\\\/#\\\/schema\\\/logo\\\/image\\\/\",\"url\":\"https:\\\/\\\/redincola.org\\\/wp-content\\\/uploads\\\/2019\\\/07\\\/logo-fundacio\u0301n-red-incola.png\",\"contentUrl\":\"https:\\\/\\\/redincola.org\\\/wp-content\\\/uploads\\\/2019\\\/07\\\/logo-fundacio\u0301n-red-incola.png\",\"width\":800,\"height\":145,\"caption\":\"Red \u00cdncola\"},\"image\":{\"@id\":\"https:\\\/\\\/redincola.org\\\/#\\\/schema\\\/logo\\\/image\\\/\"}},{\"@type\":\"Person\",\"@id\":\"https:\\\/\\\/redincola.org\\\/#\\\/schema\\\/person\\\/ef2d3277919dc40efbd6d6265444a1ab\",\"name\":\"admin\",\"image\":{\"@type\":\"ImageObject\",\"inLanguage\":\"en-US\",\"@id\":\"https:\\\/\\\/secure.gravatar.com\\\/avatar\\\/948b492cce32b586ac2db0eaa926ee87024f7afe218d73b397ea5ddfc5f43ea1?s=96&d=mm&r=g\",\"url\":\"https:\\\/\\\/secure.gravatar.com\\\/avatar\\\/948b492cce32b586ac2db0eaa926ee87024f7afe218d73b397ea5ddfc5f43ea1?s=96&d=mm&r=g\",\"contentUrl\":\"https:\\\/\\\/secure.gravatar.com\\\/avatar\\\/948b492cce32b586ac2db0eaa926ee87024f7afe218d73b397ea5ddfc5f43ea1?s=96&d=mm&r=g\",\"caption\":\"admin\"},\"url\":\"https:\\\/\\\/redincola.org\\\/en\\\/author\\\/admin\\\/\"}]}<\/script>\n<!-- \/ Yoast SEO plugin. -->","yoast_head_json":{"title":"Voluntariado de personas mayores con un coraz\u00f3n joven y solidario en Red \u00cdncola - Red \u00cdncola","robots":{"index":"index","follow":"follow","max-snippet":"max-snippet:-1","max-image-preview":"max-image-preview:large","max-video-preview":"max-video-preview:-1"},"canonical":"https:\/\/redincola.org\/voluntariado-de-personas-mayores-con-un-corazon-joven-y-solidario-en-red-incola\/","og_locale":"en_US","og_type":"article","og_title":"Voluntariado de personas mayores con un coraz\u00f3n joven y solidario en Red \u00cdncola - Red \u00cdncola","og_description":"Red \u00cdncola recogi\u00f3 el \u201cPremio Buenas Pr\u00e1cticas de Inclusi\u00f3n social 2012\u201d concedido por Cruz Roja Espa\u00f1ola y la Universidad Pontificia. Este premio se cogi\u00f3 con gran alegr\u00eda, ya que aunque la estatuilla no tiene dotaci\u00f3n econ\u00f3mica,&nbsp;pone en valor la labor de voluntariado que realizan las personas mayores en los programas de Red \u00cdncola, creando redes [&hellip;]","og_url":"https:\/\/redincola.org\/voluntariado-de-personas-mayores-con-un-corazon-joven-y-solidario-en-red-incola\/","og_site_name":"Red \u00cdncola","article_published_time":"2012-10-25T09:51:49+00:00","article_modified_time":"2019-08-01T08:30:27+00:00","og_image":[{"width":450,"height":297,"url":"https:\/\/redincola.org\/wp-content\/uploads\/2019\/07\/309.jpg","type":"image\/jpeg"}],"author":"admin","twitter_card":"summary_large_image","twitter_misc":{"Written by":"admin","Est. reading time":"2 minutes"},"schema":{"@context":"https:\/\/schema.org","@graph":[{"@type":"Article","@id":"https:\/\/redincola.org\/voluntariado-de-personas-mayores-con-un-corazon-joven-y-solidario-en-red-incola\/#article","isPartOf":{"@id":"https:\/\/redincola.org\/voluntariado-de-personas-mayores-con-un-corazon-joven-y-solidario-en-red-incola\/"},"author":{"name":"admin","@id":"https:\/\/redincola.org\/#\/schema\/person\/ef2d3277919dc40efbd6d6265444a1ab"},"headline":"Voluntariado de personas mayores con un coraz\u00f3n joven y solidario en Red \u00cdncola","datePublished":"2012-10-25T09:51:49+00:00","dateModified":"2019-08-01T08:30:27+00:00","mainEntityOfPage":{"@id":"https:\/\/redincola.org\/voluntariado-de-personas-mayores-con-un-corazon-joven-y-solidario-en-red-incola\/"},"wordCount":498,"publisher":{"@id":"https:\/\/redincola.org\/#organization"},"image":{"@id":"https:\/\/redincola.org\/voluntariado-de-personas-mayores-con-un-corazon-joven-y-solidario-en-red-incola\/#primaryimage"},"thumbnailUrl":"https:\/\/redincola.org\/wp-content\/uploads\/2019\/07\/309.jpg","articleSection":["Noticias","Sin categorizar"],"inLanguage":"en-US"},{"@type":"WebPage","@id":"https:\/\/redincola.org\/voluntariado-de-personas-mayores-con-un-corazon-joven-y-solidario-en-red-incola\/","url":"https:\/\/redincola.org\/voluntariado-de-personas-mayores-con-un-corazon-joven-y-solidario-en-red-incola\/","name":"Voluntariado de personas mayores con un coraz\u00f3n joven y solidario en Red \u00cdncola - Red \u00cdncola","isPartOf":{"@id":"https:\/\/redincola.org\/#website"},"primaryImageOfPage":{"@id":"https:\/\/redincola.org\/voluntariado-de-personas-mayores-con-un-corazon-joven-y-solidario-en-red-incola\/#primaryimage"},"image":{"@id":"https:\/\/redincola.org\/voluntariado-de-personas-mayores-con-un-corazon-joven-y-solidario-en-red-incola\/#primaryimage"},"thumbnailUrl":"https:\/\/redincola.org\/wp-content\/uploads\/2019\/07\/309.jpg","datePublished":"2012-10-25T09:51:49+00:00","dateModified":"2019-08-01T08:30:27+00:00","breadcrumb":{"@id":"https:\/\/redincola.org\/voluntariado-de-personas-mayores-con-un-corazon-joven-y-solidario-en-red-incola\/#breadcrumb"},"inLanguage":"en-US","potentialAction":[{"@type":"ReadAction","target":["https:\/\/redincola.org\/voluntariado-de-personas-mayores-con-un-corazon-joven-y-solidario-en-red-incola\/"]}]},{"@type":"ImageObject","inLanguage":"en-US","@id":"https:\/\/redincola.org\/voluntariado-de-personas-mayores-con-un-corazon-joven-y-solidario-en-red-incola\/#primaryimage","url":"https:\/\/redincola.org\/wp-content\/uploads\/2019\/07\/309.jpg","contentUrl":"https:\/\/redincola.org\/wp-content\/uploads\/2019\/07\/309.jpg","width":450,"height":297},{"@type":"BreadcrumbList","@id":"https:\/\/redincola.org\/voluntariado-de-personas-mayores-con-un-corazon-joven-y-solidario-en-red-incola\/#breadcrumb","itemListElement":[{"@type":"ListItem","position":1,"name":"Portada","item":"https:\/\/redincola.org\/"},{"@type":"ListItem","position":2,"name":"Voluntariado de personas mayores con un coraz\u00f3n joven y solidario en Red \u00cdncola"}]},{"@type":"WebSite","@id":"https:\/\/redincola.org\/#website","url":"https:\/\/redincola.org\/","name":"Red \u00cdncola","description":"nos inspira el humanismo cristiano","publisher":{"@id":"https:\/\/redincola.org\/#organization"},"potentialAction":[{"@type":"SearchAction","target":{"@type":"EntryPoint","urlTemplate":"https:\/\/redincola.org\/?s={search_term_string}"},"query-input":{"@type":"PropertyValueSpecification","valueRequired":true,"valueName":"search_term_string"}}],"inLanguage":"en-US"},{"@type":"Organization","@id":"https:\/\/redincola.org\/#organization","name":"Red \u00cdncola","url":"https:\/\/redincola.org\/","logo":{"@type":"ImageObject","inLanguage":"en-US","@id":"https:\/\/redincola.org\/#\/schema\/logo\/image\/","url":"https:\/\/redincola.org\/wp-content\/uploads\/2019\/07\/logo-fundacio\u0301n-red-incola.png","contentUrl":"https:\/\/redincola.org\/wp-content\/uploads\/2019\/07\/logo-fundacio\u0301n-red-incola.png","width":800,"height":145,"caption":"Red \u00cdncola"},"image":{"@id":"https:\/\/redincola.org\/#\/schema\/logo\/image\/"}},{"@type":"Person","@id":"https:\/\/redincola.org\/#\/schema\/person\/ef2d3277919dc40efbd6d6265444a1ab","name":"admin","image":{"@type":"ImageObject","inLanguage":"en-US","@id":"https:\/\/secure.gravatar.com\/avatar\/948b492cce32b586ac2db0eaa926ee87024f7afe218d73b397ea5ddfc5f43ea1?s=96&d=mm&r=g","url":"https:\/\/secure.gravatar.com\/avatar\/948b492cce32b586ac2db0eaa926ee87024f7afe218d73b397ea5ddfc5f43ea1?s=96&d=mm&r=g","contentUrl":"https:\/\/secure.gravatar.com\/avatar\/948b492cce32b586ac2db0eaa926ee87024f7afe218d73b397ea5ddfc5f43ea1?s=96&d=mm&r=g","caption":"admin"},"url":"https:\/\/redincola.org\/en\/author\/admin\/"}]}},"_links":{"self":[{"href":"https:\/\/redincola.org\/en\/wp-json\/wp\/v2\/posts\/435","targetHints":{"allow":["GET"]}}],"collection":[{"href":"https:\/\/redincola.org\/en\/wp-json\/wp\/v2\/posts"}],"about":[{"href":"https:\/\/redincola.org\/en\/wp-json\/wp\/v2\/types\/post"}],"author":[{"embeddable":true,"href":"https:\/\/redincola.org\/en\/wp-json\/wp\/v2\/users\/1"}],"replies":[{"embeddable":true,"href":"https:\/\/redincola.org\/en\/wp-json\/wp\/v2\/comments?post=435"}],"version-history":[{"count":1,"href":"https:\/\/redincola.org\/en\/wp-json\/wp\/v2\/posts\/435\/revisions"}],"predecessor-version":[{"id":437,"href":"https:\/\/redincola.org\/en\/wp-json\/wp\/v2\/posts\/435\/revisions\/437"}],"wp:featuredmedia":[{"embeddable":true,"href":"https:\/\/redincola.org\/en\/wp-json\/wp\/v2\/media\/436"}],"wp:attachment":[{"href":"https:\/\/redincola.org\/en\/wp-json\/wp\/v2\/media?parent=435"}],"wp:term":[{"taxonomy":"category","embeddable":true,"href":"https:\/\/redincola.org\/en\/wp-json\/wp\/v2\/categories?post=435"},{"taxonomy":"post_tag","embeddable":true,"href":"https:\/\/redincola.org\/en\/wp-json\/wp\/v2\/tags?post=435"}],"curies":[{"name":"wp","href":"https:\/\/api.w.org\/{rel}","templated":true}]}}