{"id":6669,"date":"2023-07-18T12:52:27","date_gmt":"2023-07-18T11:52:27","guid":{"rendered":"https:\/\/redincola.org\/?p=6669"},"modified":"2023-07-18T12:52:31","modified_gmt":"2023-07-18T11:52:31","slug":"comienza-el-proyecto-tips","status":"publish","type":"post","link":"https:\/\/redincola.org\/en\/comienza-el-proyecto-tips\/","title":{"rendered":"Comienza el proyecto TIPS"},"content":{"rendered":"\n<p>La semana pasada nuestras compa\u00f1eras Laura y Carmen viajaron a Turqu\u00eda, a la ciudad de Kilis (cerca de la frontera con Siria) para comenzar un nuevo proyecto europeo con el nombre de TIPS, que tiene como objetivo promover la inclusi\u00f3n social de j\u00f3venes migrantes y refugiados reforzando sus competencias para ser agentes de cambio para la sostenibilidad ambiental. <\/p>\n\n\n\n<p>Al encuentro acudieron los socios del proyecto <a href=\"https:\/\/www.facebook.com\/popolinsieme?__cft__[0]=AZUVep6xYg8RR_D0kHeVJ5qqbcu4RW_Ny3gU2vkGXFXJtPMwZVY06C3XhC7vSvHRITqQgP5OKGxZh4x4A6zJ0eEnp1OvjolAx1kkfvosm6lf4PVj92i9O0OeegDAurPCnQZ2nHa1OJgF8J8-O8KO6GWvy2ltGBqXz04ML6p2gYYxY6MdZQd2rcvZfTgZtq2o0xXrpIZ4bg9r_UUVgb-GB_OF&amp;__tn__=-]K-y-R\" target=\"_blank\" rel=\"noreferrer noopener\">Popoli Insieme,<\/a> la entidad italiana coordinadora del proyecto, <a href=\"https:\/\/www.facebook.com\/youthland.ro?__cft__[0]=AZUVep6xYg8RR_D0kHeVJ5qqbcu4RW_Ny3gU2vkGXFXJtPMwZVY06C3XhC7vSvHRITqQgP5OKGxZh4x4A6zJ0eEnp1OvjolAx1kkfvosm6lf4PVj92i9O0OeegDAurPCnQZ2nHa1OJgF8J8-O8KO6GWvy2ltGBqXz04ML6p2gYYxY6MdZQd2rcvZfTgZtq2o0xXrpIZ4bg9r_UUVgb-GB_OF&amp;__tn__=-]K-y-R\" target=\"_blank\" rel=\"noreferrer noopener\">Youthland<\/a> de Rumania y la <a href=\"https:\/\/www.facebook.com\/aiydernegi?__cft__[0]=AZUVep6xYg8RR_D0kHeVJ5qqbcu4RW_Ny3gU2vkGXFXJtPMwZVY06C3XhC7vSvHRITqQgP5OKGxZh4x4A6zJ0eEnp1OvjolAx1kkfvosm6lf4PVj92i9O0OeegDAurPCnQZ2nHa1OJgF8J8-O8KO6GWvy2ltGBqXz04ML6p2gYYxY6MdZQd2rcvZfTgZtq2o0xXrpIZ4bg9r_UUVgb-GB_OF&amp;__tn__=-]K-y-R\" target=\"_blank\" rel=\"noreferrer noopener\">ONG Ayd Amal,<\/a> que fue la organizaci\u00f3n acogedora.  <\/p>\n\n\n\n<p>Aunque ya hab\u00edan tenido reuniones anteriores de forma on line, en esta reuni\u00f3n transnacional los socios han tenido la oportunidad de conocerse mejor, debatir los pr\u00f3ximos pasos del TIPS, empezando por la planificaci\u00f3n de actividades, el papel de los trabajadores juveniles y como construir el manual de sostenibilidad para j\u00f3venes, migrantes y refugiados, que ser\u00e1 uno de los productos del proyecto. <\/p>\n\n\n<div class=\"wp-block-image\">\n<figure class=\"alignright size-large is-resized\"><img fetchpriority=\"high\" decoding=\"async\" src=\"https:\/\/redincola.org\/wp-content\/uploads\/2023\/07\/imagen-1024x768.png\" alt=\"\" class=\"wp-image-6670\" width=\"277\" height=\"208\" srcset=\"https:\/\/redincola.org\/wp-content\/uploads\/2023\/07\/imagen-1024x768.png 1024w, https:\/\/redincola.org\/wp-content\/uploads\/2023\/07\/imagen-300x225.png 300w, https:\/\/redincola.org\/wp-content\/uploads\/2023\/07\/imagen-768x576.png 768w, https:\/\/redincola.org\/wp-content\/uploads\/2023\/07\/imagen-1536x1152.png 1536w, https:\/\/redincola.org\/wp-content\/uploads\/2023\/07\/imagen.png 2048w\" sizes=\"(max-width: 277px) 100vw, 277px\" \/><\/figure><\/div>\n\n\n<p>Kilis es una ciudad donde los refugiados superan a la poblaci\u00f3n local y Ayid es un ejemplo de ONG que trabaja por la plena integraci\u00f3n de los refugiados. Para conocer mejor el contexto en el que trabaja y las condiciones de las personas refugiadas, los participantes en el encuentro visitaron un campamento para personas desplazadas. <\/p>\n\n\n\n<p class=\"has-text-align-center has-background\" style=\"background-color:#8dd2fc96\"><em>&#8220;Hemos estado en el epicentro del terremoto del pasado febrero en un campamento en el que viven 1300 personas en tiendas de campa\u00f1a hacinadas desde hace 5 meses en condiciones infrahumanas. Ha sido impresionante a la vez que desolador&#8221; nos relataba Laura tras la visita. <\/em><\/p>\n\n\n\n<p>Estamos deseando ver lo que viene y comenzar a realizar las acciones aqu\u00ed en Espa\u00f1a <img decoding=\"async\" width=\"16\" height=\"16\" src=\"https:\/\/static.xx.fbcdn.net\/images\/emoji.php\/v9\/t69\/1\/16\/1f331.png\" alt=\"\ud83c\udf31\"><\/p>\n","protected":false},"excerpt":{"rendered":"<p>La semana pasada nuestras compa\u00f1eras Laura y Carmen viajaron a Turqu\u00eda, a la ciudad de Kilis (cerca de la frontera con Siria) para comenzar un nuevo proyecto europeo con el nombre de TIPS, que tiene como objetivo promover la inclusi\u00f3n social de j\u00f3venes migrantes y refugiados reforzando sus competencias para ser agentes de cambio para [&hellip;]<\/p>\n","protected":false},"author":2,"featured_media":6672,"comment_status":"closed","ping_status":"closed","sticky":false,"template":"","format":"standard","meta":{"footnotes":""},"categories":[28],"tags":[58,144],"class_list":["post-6669","post","type-post","status-publish","format-standard","has-post-thumbnail","hentry","category-noticias","tag-migrantes","tag-refugiados"],"yoast_head":"<!-- This site is optimized with the Yoast SEO plugin v27.5 - https:\/\/yoast.com\/product\/yoast-seo-wordpress\/ -->\n<title>Comienza el proyecto TIPS - Red \u00cdncola<\/title>\n<meta name=\"description\" content=\"Comienza el proyecto europeo TIPS para la inclusi\u00f3n de j\u00f3venes migrantes, refugiados y sostenibilidad medioambiental\" \/>\n<meta name=\"robots\" content=\"index, follow, max-snippet:-1, max-image-preview:large, max-video-preview:-1\" \/>\n<link rel=\"canonical\" href=\"https:\/\/redincola.org\/comienza-el-proyecto-tips\/\" \/>\n<meta property=\"og:locale\" content=\"en_US\" \/>\n<meta property=\"og:type\" content=\"article\" \/>\n<meta property=\"og:title\" content=\"Comienza el proyecto TIPS - Red \u00cdncola\" \/>\n<meta property=\"og:description\" content=\"Comienza el proyecto europeo TIPS para la inclusi\u00f3n de j\u00f3venes migrantes, refugiados y sostenibilidad medioambiental\" \/>\n<meta property=\"og:url\" content=\"https:\/\/redincola.org\/comienza-el-proyecto-tips\/\" \/>\n<meta property=\"og:site_name\" content=\"Red \u00cdncola\" \/>\n<meta property=\"article:published_time\" content=\"2023-07-18T11:52:27+00:00\" \/>\n<meta property=\"article:modified_time\" content=\"2023-07-18T11:52:31+00:00\" \/>\n<meta property=\"og:image\" content=\"https:\/\/redincola.org\/wp-content\/uploads\/2023\/07\/TIPS-turquia.jpg\" \/>\n\t<meta property=\"og:image:width\" content=\"1640\" \/>\n\t<meta property=\"og:image:height\" content=\"924\" \/>\n\t<meta property=\"og:image:type\" content=\"image\/jpeg\" \/>\n<meta name=\"author\" content=\"Silvia\" \/>\n<meta name=\"twitter:card\" content=\"summary_large_image\" \/>\n<meta name=\"twitter:label1\" content=\"Written by\" \/>\n\t<meta name=\"twitter:data1\" content=\"Silvia\" \/>\n\t<meta name=\"twitter:label2\" content=\"Est. reading time\" \/>\n\t<meta name=\"twitter:data2\" content=\"2 minutes\" \/>\n<script type=\"application\/ld+json\" class=\"yoast-schema-graph\">{\"@context\":\"https:\\\/\\\/schema.org\",\"@graph\":[{\"@type\":\"Article\",\"@id\":\"https:\\\/\\\/redincola.org\\\/comienza-el-proyecto-tips\\\/#article\",\"isPartOf\":{\"@id\":\"https:\\\/\\\/redincola.org\\\/comienza-el-proyecto-tips\\\/\"},\"author\":{\"name\":\"Silvia\",\"@id\":\"https:\\\/\\\/redincola.org\\\/#\\\/schema\\\/person\\\/5de58cd041e93847148ecf1b5adc86e0\"},\"headline\":\"Comienza el proyecto TIPS\",\"datePublished\":\"2023-07-18T11:52:27+00:00\",\"dateModified\":\"2023-07-18T11:52:31+00:00\",\"mainEntityOfPage\":{\"@id\":\"https:\\\/\\\/redincola.org\\\/comienza-el-proyecto-tips\\\/\"},\"wordCount\":278,\"publisher\":{\"@id\":\"https:\\\/\\\/redincola.org\\\/#organization\"},\"image\":{\"@id\":\"https:\\\/\\\/redincola.org\\\/comienza-el-proyecto-tips\\\/#primaryimage\"},\"thumbnailUrl\":\"https:\\\/\\\/redincola.org\\\/wp-content\\\/uploads\\\/2023\\\/07\\\/TIPS-turquia.jpg\",\"keywords\":[\"migrantes\",\"refugiados\"],\"articleSection\":[\"Noticias\"],\"inLanguage\":\"en-US\"},{\"@type\":\"WebPage\",\"@id\":\"https:\\\/\\\/redincola.org\\\/comienza-el-proyecto-tips\\\/\",\"url\":\"https:\\\/\\\/redincola.org\\\/comienza-el-proyecto-tips\\\/\",\"name\":\"Comienza el proyecto TIPS - Red \u00cdncola\",\"isPartOf\":{\"@id\":\"https:\\\/\\\/redincola.org\\\/#website\"},\"primaryImageOfPage\":{\"@id\":\"https:\\\/\\\/redincola.org\\\/comienza-el-proyecto-tips\\\/#primaryimage\"},\"image\":{\"@id\":\"https:\\\/\\\/redincola.org\\\/comienza-el-proyecto-tips\\\/#primaryimage\"},\"thumbnailUrl\":\"https:\\\/\\\/redincola.org\\\/wp-content\\\/uploads\\\/2023\\\/07\\\/TIPS-turquia.jpg\",\"datePublished\":\"2023-07-18T11:52:27+00:00\",\"dateModified\":\"2023-07-18T11:52:31+00:00\",\"description\":\"Comienza el proyecto europeo TIPS para la inclusi\u00f3n de j\u00f3venes migrantes, refugiados y sostenibilidad medioambiental\",\"breadcrumb\":{\"@id\":\"https:\\\/\\\/redincola.org\\\/comienza-el-proyecto-tips\\\/#breadcrumb\"},\"inLanguage\":\"en-US\",\"potentialAction\":[{\"@type\":\"ReadAction\",\"target\":[\"https:\\\/\\\/redincola.org\\\/comienza-el-proyecto-tips\\\/\"]}]},{\"@type\":\"ImageObject\",\"inLanguage\":\"en-US\",\"@id\":\"https:\\\/\\\/redincola.org\\\/comienza-el-proyecto-tips\\\/#primaryimage\",\"url\":\"https:\\\/\\\/redincola.org\\\/wp-content\\\/uploads\\\/2023\\\/07\\\/TIPS-turquia.jpg\",\"contentUrl\":\"https:\\\/\\\/redincola.org\\\/wp-content\\\/uploads\\\/2023\\\/07\\\/TIPS-turquia.jpg\",\"width\":1640,\"height\":924},{\"@type\":\"BreadcrumbList\",\"@id\":\"https:\\\/\\\/redincola.org\\\/comienza-el-proyecto-tips\\\/#breadcrumb\",\"itemListElement\":[{\"@type\":\"ListItem\",\"position\":1,\"name\":\"Portada\",\"item\":\"https:\\\/\\\/redincola.org\\\/\"},{\"@type\":\"ListItem\",\"position\":2,\"name\":\"Comienza el proyecto TIPS\"}]},{\"@type\":\"WebSite\",\"@id\":\"https:\\\/\\\/redincola.org\\\/#website\",\"url\":\"https:\\\/\\\/redincola.org\\\/\",\"name\":\"Red \u00cdncola\",\"description\":\"nos inspira el humanismo cristiano\",\"publisher\":{\"@id\":\"https:\\\/\\\/redincola.org\\\/#organization\"},\"potentialAction\":[{\"@type\":\"SearchAction\",\"target\":{\"@type\":\"EntryPoint\",\"urlTemplate\":\"https:\\\/\\\/redincola.org\\\/?s={search_term_string}\"},\"query-input\":{\"@type\":\"PropertyValueSpecification\",\"valueRequired\":true,\"valueName\":\"search_term_string\"}}],\"inLanguage\":\"en-US\"},{\"@type\":\"Organization\",\"@id\":\"https:\\\/\\\/redincola.org\\\/#organization\",\"name\":\"Red \u00cdncola\",\"url\":\"https:\\\/\\\/redincola.org\\\/\",\"logo\":{\"@type\":\"ImageObject\",\"inLanguage\":\"en-US\",\"@id\":\"https:\\\/\\\/redincola.org\\\/#\\\/schema\\\/logo\\\/image\\\/\",\"url\":\"https:\\\/\\\/redincola.org\\\/wp-content\\\/uploads\\\/2019\\\/07\\\/logo-fundacio\u0301n-red-incola.png\",\"contentUrl\":\"https:\\\/\\\/redincola.org\\\/wp-content\\\/uploads\\\/2019\\\/07\\\/logo-fundacio\u0301n-red-incola.png\",\"width\":800,\"height\":145,\"caption\":\"Red \u00cdncola\"},\"image\":{\"@id\":\"https:\\\/\\\/redincola.org\\\/#\\\/schema\\\/logo\\\/image\\\/\"}},{\"@type\":\"Person\",\"@id\":\"https:\\\/\\\/redincola.org\\\/#\\\/schema\\\/person\\\/5de58cd041e93847148ecf1b5adc86e0\",\"name\":\"Silvia\",\"image\":{\"@type\":\"ImageObject\",\"inLanguage\":\"en-US\",\"@id\":\"https:\\\/\\\/secure.gravatar.com\\\/avatar\\\/0da8c1efa10d8a584d86943c52f6cd925057e7d849d1c0d58bb11a4bfa85cff0?s=96&d=mm&r=g\",\"url\":\"https:\\\/\\\/secure.gravatar.com\\\/avatar\\\/0da8c1efa10d8a584d86943c52f6cd925057e7d849d1c0d58bb11a4bfa85cff0?s=96&d=mm&r=g\",\"contentUrl\":\"https:\\\/\\\/secure.gravatar.com\\\/avatar\\\/0da8c1efa10d8a584d86943c52f6cd925057e7d849d1c0d58bb11a4bfa85cff0?s=96&d=mm&r=g\",\"caption\":\"Silvia\"},\"url\":\"https:\\\/\\\/redincola.org\\\/en\\\/author\\\/silvia\\\/\"}]}<\/script>\n<!-- \/ Yoast SEO plugin. -->","yoast_head_json":{"title":"Comienza el proyecto TIPS - Red \u00cdncola","description":"Comienza el proyecto europeo TIPS para la inclusi\u00f3n de j\u00f3venes migrantes, refugiados y sostenibilidad medioambiental","robots":{"index":"index","follow":"follow","max-snippet":"max-snippet:-1","max-image-preview":"max-image-preview:large","max-video-preview":"max-video-preview:-1"},"canonical":"https:\/\/redincola.org\/comienza-el-proyecto-tips\/","og_locale":"en_US","og_type":"article","og_title":"Comienza el proyecto TIPS - Red \u00cdncola","og_description":"Comienza el proyecto europeo TIPS para la inclusi\u00f3n de j\u00f3venes migrantes, refugiados y sostenibilidad medioambiental","og_url":"https:\/\/redincola.org\/comienza-el-proyecto-tips\/","og_site_name":"Red \u00cdncola","article_published_time":"2023-07-18T11:52:27+00:00","article_modified_time":"2023-07-18T11:52:31+00:00","og_image":[{"width":1640,"height":924,"url":"https:\/\/redincola.org\/wp-content\/uploads\/2023\/07\/TIPS-turquia.jpg","type":"image\/jpeg"}],"author":"Silvia","twitter_card":"summary_large_image","twitter_misc":{"Written by":"Silvia","Est. reading time":"2 minutes"},"schema":{"@context":"https:\/\/schema.org","@graph":[{"@type":"Article","@id":"https:\/\/redincola.org\/comienza-el-proyecto-tips\/#article","isPartOf":{"@id":"https:\/\/redincola.org\/comienza-el-proyecto-tips\/"},"author":{"name":"Silvia","@id":"https:\/\/redincola.org\/#\/schema\/person\/5de58cd041e93847148ecf1b5adc86e0"},"headline":"Comienza el proyecto TIPS","datePublished":"2023-07-18T11:52:27+00:00","dateModified":"2023-07-18T11:52:31+00:00","mainEntityOfPage":{"@id":"https:\/\/redincola.org\/comienza-el-proyecto-tips\/"},"wordCount":278,"publisher":{"@id":"https:\/\/redincola.org\/#organization"},"image":{"@id":"https:\/\/redincola.org\/comienza-el-proyecto-tips\/#primaryimage"},"thumbnailUrl":"https:\/\/redincola.org\/wp-content\/uploads\/2023\/07\/TIPS-turquia.jpg","keywords":["migrantes","refugiados"],"articleSection":["Noticias"],"inLanguage":"en-US"},{"@type":"WebPage","@id":"https:\/\/redincola.org\/comienza-el-proyecto-tips\/","url":"https:\/\/redincola.org\/comienza-el-proyecto-tips\/","name":"Comienza el proyecto TIPS - Red \u00cdncola","isPartOf":{"@id":"https:\/\/redincola.org\/#website"},"primaryImageOfPage":{"@id":"https:\/\/redincola.org\/comienza-el-proyecto-tips\/#primaryimage"},"image":{"@id":"https:\/\/redincola.org\/comienza-el-proyecto-tips\/#primaryimage"},"thumbnailUrl":"https:\/\/redincola.org\/wp-content\/uploads\/2023\/07\/TIPS-turquia.jpg","datePublished":"2023-07-18T11:52:27+00:00","dateModified":"2023-07-18T11:52:31+00:00","description":"Comienza el proyecto europeo TIPS para la inclusi\u00f3n de j\u00f3venes migrantes, refugiados y sostenibilidad medioambiental","breadcrumb":{"@id":"https:\/\/redincola.org\/comienza-el-proyecto-tips\/#breadcrumb"},"inLanguage":"en-US","potentialAction":[{"@type":"ReadAction","target":["https:\/\/redincola.org\/comienza-el-proyecto-tips\/"]}]},{"@type":"ImageObject","inLanguage":"en-US","@id":"https:\/\/redincola.org\/comienza-el-proyecto-tips\/#primaryimage","url":"https:\/\/redincola.org\/wp-content\/uploads\/2023\/07\/TIPS-turquia.jpg","contentUrl":"https:\/\/redincola.org\/wp-content\/uploads\/2023\/07\/TIPS-turquia.jpg","width":1640,"height":924},{"@type":"BreadcrumbList","@id":"https:\/\/redincola.org\/comienza-el-proyecto-tips\/#breadcrumb","itemListElement":[{"@type":"ListItem","position":1,"name":"Portada","item":"https:\/\/redincola.org\/"},{"@type":"ListItem","position":2,"name":"Comienza el proyecto TIPS"}]},{"@type":"WebSite","@id":"https:\/\/redincola.org\/#website","url":"https:\/\/redincola.org\/","name":"Red \u00cdncola","description":"nos inspira el humanismo cristiano","publisher":{"@id":"https:\/\/redincola.org\/#organization"},"potentialAction":[{"@type":"SearchAction","target":{"@type":"EntryPoint","urlTemplate":"https:\/\/redincola.org\/?s={search_term_string}"},"query-input":{"@type":"PropertyValueSpecification","valueRequired":true,"valueName":"search_term_string"}}],"inLanguage":"en-US"},{"@type":"Organization","@id":"https:\/\/redincola.org\/#organization","name":"Red \u00cdncola","url":"https:\/\/redincola.org\/","logo":{"@type":"ImageObject","inLanguage":"en-US","@id":"https:\/\/redincola.org\/#\/schema\/logo\/image\/","url":"https:\/\/redincola.org\/wp-content\/uploads\/2019\/07\/logo-fundacio\u0301n-red-incola.png","contentUrl":"https:\/\/redincola.org\/wp-content\/uploads\/2019\/07\/logo-fundacio\u0301n-red-incola.png","width":800,"height":145,"caption":"Red \u00cdncola"},"image":{"@id":"https:\/\/redincola.org\/#\/schema\/logo\/image\/"}},{"@type":"Person","@id":"https:\/\/redincola.org\/#\/schema\/person\/5de58cd041e93847148ecf1b5adc86e0","name":"Silvia","image":{"@type":"ImageObject","inLanguage":"en-US","@id":"https:\/\/secure.gravatar.com\/avatar\/0da8c1efa10d8a584d86943c52f6cd925057e7d849d1c0d58bb11a4bfa85cff0?s=96&d=mm&r=g","url":"https:\/\/secure.gravatar.com\/avatar\/0da8c1efa10d8a584d86943c52f6cd925057e7d849d1c0d58bb11a4bfa85cff0?s=96&d=mm&r=g","contentUrl":"https:\/\/secure.gravatar.com\/avatar\/0da8c1efa10d8a584d86943c52f6cd925057e7d849d1c0d58bb11a4bfa85cff0?s=96&d=mm&r=g","caption":"Silvia"},"url":"https:\/\/redincola.org\/en\/author\/silvia\/"}]}},"_links":{"self":[{"href":"https:\/\/redincola.org\/en\/wp-json\/wp\/v2\/posts\/6669","targetHints":{"allow":["GET"]}}],"collection":[{"href":"https:\/\/redincola.org\/en\/wp-json\/wp\/v2\/posts"}],"about":[{"href":"https:\/\/redincola.org\/en\/wp-json\/wp\/v2\/types\/post"}],"author":[{"embeddable":true,"href":"https:\/\/redincola.org\/en\/wp-json\/wp\/v2\/users\/2"}],"replies":[{"embeddable":true,"href":"https:\/\/redincola.org\/en\/wp-json\/wp\/v2\/comments?post=6669"}],"version-history":[{"count":1,"href":"https:\/\/redincola.org\/en\/wp-json\/wp\/v2\/posts\/6669\/revisions"}],"predecessor-version":[{"id":6674,"href":"https:\/\/redincola.org\/en\/wp-json\/wp\/v2\/posts\/6669\/revisions\/6674"}],"wp:featuredmedia":[{"embeddable":true,"href":"https:\/\/redincola.org\/en\/wp-json\/wp\/v2\/media\/6672"}],"wp:attachment":[{"href":"https:\/\/redincola.org\/en\/wp-json\/wp\/v2\/media?parent=6669"}],"wp:term":[{"taxonomy":"category","embeddable":true,"href":"https:\/\/redincola.org\/en\/wp-json\/wp\/v2\/categories?post=6669"},{"taxonomy":"post_tag","embeddable":true,"href":"https:\/\/redincola.org\/en\/wp-json\/wp\/v2\/tags?post=6669"}],"curies":[{"name":"wp","href":"https:\/\/api.w.org\/{rel}","templated":true}]}}