{"id":6917,"date":"2023-10-29T10:56:15","date_gmt":"2023-10-29T09:56:15","guid":{"rendered":"https:\/\/redincola.org\/?p=6917"},"modified":"2024-04-04T10:22:50","modified_gmt":"2024-04-04T09:22:50","slug":"recibimos-el-premio-plato-solidario-2023-de-la-fundacion-banco-de-alimentos-de-valladolid","status":"publish","type":"post","link":"https:\/\/redincola.org\/en\/recibimos-el-premio-plato-solidario-2023-de-la-fundacion-banco-de-alimentos-de-valladolid\/","title":{"rendered":"Recibimos el Premio &#8220;Plato Solidario 2023&#8221; de la Fundaci\u00f3n Banco de Alimentos de Valladolid."},"content":{"rendered":"\n<p>El viernes 27 de octubre recibimos el premio &#8220;Plato Solidario 2023&#8221; de la Fundaci\u00f3n Banco de Alimentos de Valladolid dentro de la categor\u00eda de Entidad Solidaria.<\/p>\n\n\n\n<p><span class=\"break-words\n      \"><span><span dir=\"ltr\">Nuestro presidente, Chus Land\u00e1buru recogi\u00f3 el premio en l<\/span><\/span><\/span>a XII Edici\u00f3n Premios \u201cPlato Solidario 2023\u201d, donde destac\u00f3 la importancia de seguir trabajando juntos contra la pobreza, ayudando a las familias en situaci\u00f3n vulnerable en su seguridad alimentaria. <\/p>\n\n\n\n<p>Junto nuestra organizaci\u00f3n recibieron el premio en la categor\u00eda de Instituciones &#8220;Tierra de Sabor&#8221;, Patatas Mel\u00e9ndez en entidades colaboradoras; el reconocimiento del voluntario Juan Jos\u00e9 S\u00e1ez Franco; el trabajo de Carlos de la Fuente &#8220;El Samaritano&#8221;; y a Curia Spain por su responsabilidad social. <\/p>\n\n\n\n<p>\u00a1Muchas gracias y enhorabuena a todos los premiados!<\/p>\n","protected":false},"excerpt":{"rendered":"<p>El viernes 27 de octubre recibimos el premio &#8220;Plato Solidario 2023&#8221; de la Fundaci\u00f3n Banco de Alimentos de Valladolid dentro de la categor\u00eda de Entidad Solidaria. Nuestro presidente, Chus Land\u00e1buru recogi\u00f3 el premio en la XII Edici\u00f3n Premios \u201cPlato Solidario 2023\u201d, donde destac\u00f3 la importancia de seguir trabajando juntos contra la pobreza, ayudando a las [&hellip;]<\/p>\n","protected":false},"author":2,"featured_media":6918,"comment_status":"open","ping_status":"open","sticky":false,"template":"","format":"standard","meta":{"footnotes":""},"categories":[28],"tags":[56],"class_list":["post-6917","post","type-post","status-publish","format-standard","has-post-thumbnail","hentry","category-noticias","tag-solidaridad"],"yoast_head":"<!-- This site is optimized with the Yoast SEO plugin v27.4 - https:\/\/yoast.com\/product\/yoast-seo-wordpress\/ -->\n<title>Recibimos el Premio &quot;Plato Solidario 2023&quot; de la Fundaci\u00f3n Banco de Alimentos de Valladolid. - Red \u00cdncola<\/title>\n<meta name=\"description\" content=\"Red \u00cdncola recibe el premio de Plato Solidario 2023 de la FUndaci\u00f3n Banco de Alimentos por su labor contra la pobreza.\" \/>\n<meta name=\"robots\" content=\"index, follow, max-snippet:-1, max-image-preview:large, max-video-preview:-1\" \/>\n<link rel=\"canonical\" href=\"https:\/\/redincola.org\/recibimos-el-premio-plato-solidario-2023-de-la-fundacion-banco-de-alimentos-de-valladolid\/\" \/>\n<meta property=\"og:locale\" content=\"en_US\" \/>\n<meta property=\"og:type\" content=\"article\" \/>\n<meta property=\"og:title\" content=\"Recibimos el Premio &quot;Plato Solidario 2023&quot; de la Fundaci\u00f3n Banco de Alimentos de Valladolid. - Red \u00cdncola\" \/>\n<meta property=\"og:description\" content=\"Red \u00cdncola recibe el premio de Plato Solidario 2023 de la FUndaci\u00f3n Banco de Alimentos por su labor contra la pobreza.\" \/>\n<meta property=\"og:url\" content=\"https:\/\/redincola.org\/recibimos-el-premio-plato-solidario-2023-de-la-fundacion-banco-de-alimentos-de-valladolid\/\" \/>\n<meta property=\"og:site_name\" content=\"Red \u00cdncola\" \/>\n<meta property=\"article:published_time\" content=\"2023-10-29T09:56:15+00:00\" \/>\n<meta property=\"article:modified_time\" content=\"2024-04-04T09:22:50+00:00\" \/>\n<meta property=\"og:image\" content=\"https:\/\/redincola.org\/wp-content\/uploads\/2023\/10\/WhatsApp-Image-2023-10-28-at-11.03.12-2.jpeg\" \/>\n\t<meta property=\"og:image:width\" content=\"2048\" \/>\n\t<meta property=\"og:image:height\" content=\"1536\" \/>\n\t<meta property=\"og:image:type\" content=\"image\/jpeg\" \/>\n<meta name=\"author\" content=\"Silvia\" \/>\n<meta name=\"twitter:card\" content=\"summary_large_image\" \/>\n<meta name=\"twitter:label1\" content=\"Written by\" \/>\n\t<meta name=\"twitter:data1\" content=\"Silvia\" \/>\n\t<meta name=\"twitter:label2\" content=\"Est. reading time\" \/>\n\t<meta name=\"twitter:data2\" content=\"1 minute\" \/>\n<script type=\"application\/ld+json\" class=\"yoast-schema-graph\">{\"@context\":\"https:\\\/\\\/schema.org\",\"@graph\":[{\"@type\":\"Article\",\"@id\":\"https:\\\/\\\/redincola.org\\\/recibimos-el-premio-plato-solidario-2023-de-la-fundacion-banco-de-alimentos-de-valladolid\\\/#article\",\"isPartOf\":{\"@id\":\"https:\\\/\\\/redincola.org\\\/recibimos-el-premio-plato-solidario-2023-de-la-fundacion-banco-de-alimentos-de-valladolid\\\/\"},\"author\":{\"name\":\"Silvia\",\"@id\":\"https:\\\/\\\/redincola.org\\\/#\\\/schema\\\/person\\\/5de58cd041e93847148ecf1b5adc86e0\"},\"headline\":\"Recibimos el Premio &#8220;Plato Solidario 2023&#8221; de la Fundaci\u00f3n Banco de Alimentos de Valladolid.\",\"datePublished\":\"2023-10-29T09:56:15+00:00\",\"dateModified\":\"2024-04-04T09:22:50+00:00\",\"mainEntityOfPage\":{\"@id\":\"https:\\\/\\\/redincola.org\\\/recibimos-el-premio-plato-solidario-2023-de-la-fundacion-banco-de-alimentos-de-valladolid\\\/\"},\"wordCount\":136,\"commentCount\":0,\"publisher\":{\"@id\":\"https:\\\/\\\/redincola.org\\\/#organization\"},\"image\":{\"@id\":\"https:\\\/\\\/redincola.org\\\/recibimos-el-premio-plato-solidario-2023-de-la-fundacion-banco-de-alimentos-de-valladolid\\\/#primaryimage\"},\"thumbnailUrl\":\"https:\\\/\\\/redincola.org\\\/wp-content\\\/uploads\\\/2023\\\/10\\\/WhatsApp-Image-2023-10-28-at-11.03.12-2.jpeg\",\"keywords\":[\"solidaridad\"],\"articleSection\":[\"Noticias\"],\"inLanguage\":\"en-US\",\"potentialAction\":[{\"@type\":\"CommentAction\",\"name\":\"Comment\",\"target\":[\"https:\\\/\\\/redincola.org\\\/recibimos-el-premio-plato-solidario-2023-de-la-fundacion-banco-de-alimentos-de-valladolid\\\/#respond\"]}]},{\"@type\":\"WebPage\",\"@id\":\"https:\\\/\\\/redincola.org\\\/recibimos-el-premio-plato-solidario-2023-de-la-fundacion-banco-de-alimentos-de-valladolid\\\/\",\"url\":\"https:\\\/\\\/redincola.org\\\/recibimos-el-premio-plato-solidario-2023-de-la-fundacion-banco-de-alimentos-de-valladolid\\\/\",\"name\":\"Recibimos el Premio \\\"Plato Solidario 2023\\\" de la Fundaci\u00f3n Banco de Alimentos de Valladolid. - Red \u00cdncola\",\"isPartOf\":{\"@id\":\"https:\\\/\\\/redincola.org\\\/#website\"},\"primaryImageOfPage\":{\"@id\":\"https:\\\/\\\/redincola.org\\\/recibimos-el-premio-plato-solidario-2023-de-la-fundacion-banco-de-alimentos-de-valladolid\\\/#primaryimage\"},\"image\":{\"@id\":\"https:\\\/\\\/redincola.org\\\/recibimos-el-premio-plato-solidario-2023-de-la-fundacion-banco-de-alimentos-de-valladolid\\\/#primaryimage\"},\"thumbnailUrl\":\"https:\\\/\\\/redincola.org\\\/wp-content\\\/uploads\\\/2023\\\/10\\\/WhatsApp-Image-2023-10-28-at-11.03.12-2.jpeg\",\"datePublished\":\"2023-10-29T09:56:15+00:00\",\"dateModified\":\"2024-04-04T09:22:50+00:00\",\"description\":\"Red \u00cdncola recibe el premio de Plato Solidario 2023 de la FUndaci\u00f3n Banco de Alimentos por su labor contra la pobreza.\",\"breadcrumb\":{\"@id\":\"https:\\\/\\\/redincola.org\\\/recibimos-el-premio-plato-solidario-2023-de-la-fundacion-banco-de-alimentos-de-valladolid\\\/#breadcrumb\"},\"inLanguage\":\"en-US\",\"potentialAction\":[{\"@type\":\"ReadAction\",\"target\":[\"https:\\\/\\\/redincola.org\\\/recibimos-el-premio-plato-solidario-2023-de-la-fundacion-banco-de-alimentos-de-valladolid\\\/\"]}]},{\"@type\":\"ImageObject\",\"inLanguage\":\"en-US\",\"@id\":\"https:\\\/\\\/redincola.org\\\/recibimos-el-premio-plato-solidario-2023-de-la-fundacion-banco-de-alimentos-de-valladolid\\\/#primaryimage\",\"url\":\"https:\\\/\\\/redincola.org\\\/wp-content\\\/uploads\\\/2023\\\/10\\\/WhatsApp-Image-2023-10-28-at-11.03.12-2.jpeg\",\"contentUrl\":\"https:\\\/\\\/redincola.org\\\/wp-content\\\/uploads\\\/2023\\\/10\\\/WhatsApp-Image-2023-10-28-at-11.03.12-2.jpeg\",\"width\":2048,\"height\":1536},{\"@type\":\"BreadcrumbList\",\"@id\":\"https:\\\/\\\/redincola.org\\\/recibimos-el-premio-plato-solidario-2023-de-la-fundacion-banco-de-alimentos-de-valladolid\\\/#breadcrumb\",\"itemListElement\":[{\"@type\":\"ListItem\",\"position\":1,\"name\":\"Portada\",\"item\":\"https:\\\/\\\/redincola.org\\\/\"},{\"@type\":\"ListItem\",\"position\":2,\"name\":\"Recibimos el Premio \u00abPlato Solidario 2023\u00bb de la Fundaci\u00f3n Banco de Alimentos de Valladolid.\"}]},{\"@type\":\"WebSite\",\"@id\":\"https:\\\/\\\/redincola.org\\\/#website\",\"url\":\"https:\\\/\\\/redincola.org\\\/\",\"name\":\"Red \u00cdncola\",\"description\":\"nos inspira el humanismo cristiano\",\"publisher\":{\"@id\":\"https:\\\/\\\/redincola.org\\\/#organization\"},\"potentialAction\":[{\"@type\":\"SearchAction\",\"target\":{\"@type\":\"EntryPoint\",\"urlTemplate\":\"https:\\\/\\\/redincola.org\\\/?s={search_term_string}\"},\"query-input\":{\"@type\":\"PropertyValueSpecification\",\"valueRequired\":true,\"valueName\":\"search_term_string\"}}],\"inLanguage\":\"en-US\"},{\"@type\":\"Organization\",\"@id\":\"https:\\\/\\\/redincola.org\\\/#organization\",\"name\":\"Red \u00cdncola\",\"url\":\"https:\\\/\\\/redincola.org\\\/\",\"logo\":{\"@type\":\"ImageObject\",\"inLanguage\":\"en-US\",\"@id\":\"https:\\\/\\\/redincola.org\\\/#\\\/schema\\\/logo\\\/image\\\/\",\"url\":\"https:\\\/\\\/redincola.org\\\/wp-content\\\/uploads\\\/2019\\\/07\\\/logo-fundacio\u0301n-red-incola.png\",\"contentUrl\":\"https:\\\/\\\/redincola.org\\\/wp-content\\\/uploads\\\/2019\\\/07\\\/logo-fundacio\u0301n-red-incola.png\",\"width\":800,\"height\":145,\"caption\":\"Red \u00cdncola\"},\"image\":{\"@id\":\"https:\\\/\\\/redincola.org\\\/#\\\/schema\\\/logo\\\/image\\\/\"}},{\"@type\":\"Person\",\"@id\":\"https:\\\/\\\/redincola.org\\\/#\\\/schema\\\/person\\\/5de58cd041e93847148ecf1b5adc86e0\",\"name\":\"Silvia\",\"image\":{\"@type\":\"ImageObject\",\"inLanguage\":\"en-US\",\"@id\":\"https:\\\/\\\/secure.gravatar.com\\\/avatar\\\/0da8c1efa10d8a584d86943c52f6cd925057e7d849d1c0d58bb11a4bfa85cff0?s=96&d=mm&r=g\",\"url\":\"https:\\\/\\\/secure.gravatar.com\\\/avatar\\\/0da8c1efa10d8a584d86943c52f6cd925057e7d849d1c0d58bb11a4bfa85cff0?s=96&d=mm&r=g\",\"contentUrl\":\"https:\\\/\\\/secure.gravatar.com\\\/avatar\\\/0da8c1efa10d8a584d86943c52f6cd925057e7d849d1c0d58bb11a4bfa85cff0?s=96&d=mm&r=g\",\"caption\":\"Silvia\"},\"url\":\"https:\\\/\\\/redincola.org\\\/en\\\/author\\\/silvia\\\/\"}]}<\/script>\n<!-- \/ Yoast SEO plugin. -->","yoast_head_json":{"title":"Recibimos el Premio \"Plato Solidario 2023\" de la Fundaci\u00f3n Banco de Alimentos de Valladolid. - Red \u00cdncola","description":"Red \u00cdncola recibe el premio de Plato Solidario 2023 de la FUndaci\u00f3n Banco de Alimentos por su labor contra la pobreza.","robots":{"index":"index","follow":"follow","max-snippet":"max-snippet:-1","max-image-preview":"max-image-preview:large","max-video-preview":"max-video-preview:-1"},"canonical":"https:\/\/redincola.org\/recibimos-el-premio-plato-solidario-2023-de-la-fundacion-banco-de-alimentos-de-valladolid\/","og_locale":"en_US","og_type":"article","og_title":"Recibimos el Premio \"Plato Solidario 2023\" de la Fundaci\u00f3n Banco de Alimentos de Valladolid. - Red \u00cdncola","og_description":"Red \u00cdncola recibe el premio de Plato Solidario 2023 de la FUndaci\u00f3n Banco de Alimentos por su labor contra la pobreza.","og_url":"https:\/\/redincola.org\/recibimos-el-premio-plato-solidario-2023-de-la-fundacion-banco-de-alimentos-de-valladolid\/","og_site_name":"Red \u00cdncola","article_published_time":"2023-10-29T09:56:15+00:00","article_modified_time":"2024-04-04T09:22:50+00:00","og_image":[{"width":2048,"height":1536,"url":"https:\/\/redincola.org\/wp-content\/uploads\/2023\/10\/WhatsApp-Image-2023-10-28-at-11.03.12-2.jpeg","type":"image\/jpeg"}],"author":"Silvia","twitter_card":"summary_large_image","twitter_misc":{"Written by":"Silvia","Est. reading time":"1 minute"},"schema":{"@context":"https:\/\/schema.org","@graph":[{"@type":"Article","@id":"https:\/\/redincola.org\/recibimos-el-premio-plato-solidario-2023-de-la-fundacion-banco-de-alimentos-de-valladolid\/#article","isPartOf":{"@id":"https:\/\/redincola.org\/recibimos-el-premio-plato-solidario-2023-de-la-fundacion-banco-de-alimentos-de-valladolid\/"},"author":{"name":"Silvia","@id":"https:\/\/redincola.org\/#\/schema\/person\/5de58cd041e93847148ecf1b5adc86e0"},"headline":"Recibimos el Premio &#8220;Plato Solidario 2023&#8221; de la Fundaci\u00f3n Banco de Alimentos de Valladolid.","datePublished":"2023-10-29T09:56:15+00:00","dateModified":"2024-04-04T09:22:50+00:00","mainEntityOfPage":{"@id":"https:\/\/redincola.org\/recibimos-el-premio-plato-solidario-2023-de-la-fundacion-banco-de-alimentos-de-valladolid\/"},"wordCount":136,"commentCount":0,"publisher":{"@id":"https:\/\/redincola.org\/#organization"},"image":{"@id":"https:\/\/redincola.org\/recibimos-el-premio-plato-solidario-2023-de-la-fundacion-banco-de-alimentos-de-valladolid\/#primaryimage"},"thumbnailUrl":"https:\/\/redincola.org\/wp-content\/uploads\/2023\/10\/WhatsApp-Image-2023-10-28-at-11.03.12-2.jpeg","keywords":["solidaridad"],"articleSection":["Noticias"],"inLanguage":"en-US","potentialAction":[{"@type":"CommentAction","name":"Comment","target":["https:\/\/redincola.org\/recibimos-el-premio-plato-solidario-2023-de-la-fundacion-banco-de-alimentos-de-valladolid\/#respond"]}]},{"@type":"WebPage","@id":"https:\/\/redincola.org\/recibimos-el-premio-plato-solidario-2023-de-la-fundacion-banco-de-alimentos-de-valladolid\/","url":"https:\/\/redincola.org\/recibimos-el-premio-plato-solidario-2023-de-la-fundacion-banco-de-alimentos-de-valladolid\/","name":"Recibimos el Premio \"Plato Solidario 2023\" de la Fundaci\u00f3n Banco de Alimentos de Valladolid. - Red \u00cdncola","isPartOf":{"@id":"https:\/\/redincola.org\/#website"},"primaryImageOfPage":{"@id":"https:\/\/redincola.org\/recibimos-el-premio-plato-solidario-2023-de-la-fundacion-banco-de-alimentos-de-valladolid\/#primaryimage"},"image":{"@id":"https:\/\/redincola.org\/recibimos-el-premio-plato-solidario-2023-de-la-fundacion-banco-de-alimentos-de-valladolid\/#primaryimage"},"thumbnailUrl":"https:\/\/redincola.org\/wp-content\/uploads\/2023\/10\/WhatsApp-Image-2023-10-28-at-11.03.12-2.jpeg","datePublished":"2023-10-29T09:56:15+00:00","dateModified":"2024-04-04T09:22:50+00:00","description":"Red \u00cdncola recibe el premio de Plato Solidario 2023 de la FUndaci\u00f3n Banco de Alimentos por su labor contra la pobreza.","breadcrumb":{"@id":"https:\/\/redincola.org\/recibimos-el-premio-plato-solidario-2023-de-la-fundacion-banco-de-alimentos-de-valladolid\/#breadcrumb"},"inLanguage":"en-US","potentialAction":[{"@type":"ReadAction","target":["https:\/\/redincola.org\/recibimos-el-premio-plato-solidario-2023-de-la-fundacion-banco-de-alimentos-de-valladolid\/"]}]},{"@type":"ImageObject","inLanguage":"en-US","@id":"https:\/\/redincola.org\/recibimos-el-premio-plato-solidario-2023-de-la-fundacion-banco-de-alimentos-de-valladolid\/#primaryimage","url":"https:\/\/redincola.org\/wp-content\/uploads\/2023\/10\/WhatsApp-Image-2023-10-28-at-11.03.12-2.jpeg","contentUrl":"https:\/\/redincola.org\/wp-content\/uploads\/2023\/10\/WhatsApp-Image-2023-10-28-at-11.03.12-2.jpeg","width":2048,"height":1536},{"@type":"BreadcrumbList","@id":"https:\/\/redincola.org\/recibimos-el-premio-plato-solidario-2023-de-la-fundacion-banco-de-alimentos-de-valladolid\/#breadcrumb","itemListElement":[{"@type":"ListItem","position":1,"name":"Portada","item":"https:\/\/redincola.org\/"},{"@type":"ListItem","position":2,"name":"Recibimos el Premio \u00abPlato Solidario 2023\u00bb de la Fundaci\u00f3n Banco de Alimentos de Valladolid."}]},{"@type":"WebSite","@id":"https:\/\/redincola.org\/#website","url":"https:\/\/redincola.org\/","name":"Red \u00cdncola","description":"nos inspira el humanismo cristiano","publisher":{"@id":"https:\/\/redincola.org\/#organization"},"potentialAction":[{"@type":"SearchAction","target":{"@type":"EntryPoint","urlTemplate":"https:\/\/redincola.org\/?s={search_term_string}"},"query-input":{"@type":"PropertyValueSpecification","valueRequired":true,"valueName":"search_term_string"}}],"inLanguage":"en-US"},{"@type":"Organization","@id":"https:\/\/redincola.org\/#organization","name":"Red \u00cdncola","url":"https:\/\/redincola.org\/","logo":{"@type":"ImageObject","inLanguage":"en-US","@id":"https:\/\/redincola.org\/#\/schema\/logo\/image\/","url":"https:\/\/redincola.org\/wp-content\/uploads\/2019\/07\/logo-fundacio\u0301n-red-incola.png","contentUrl":"https:\/\/redincola.org\/wp-content\/uploads\/2019\/07\/logo-fundacio\u0301n-red-incola.png","width":800,"height":145,"caption":"Red \u00cdncola"},"image":{"@id":"https:\/\/redincola.org\/#\/schema\/logo\/image\/"}},{"@type":"Person","@id":"https:\/\/redincola.org\/#\/schema\/person\/5de58cd041e93847148ecf1b5adc86e0","name":"Silvia","image":{"@type":"ImageObject","inLanguage":"en-US","@id":"https:\/\/secure.gravatar.com\/avatar\/0da8c1efa10d8a584d86943c52f6cd925057e7d849d1c0d58bb11a4bfa85cff0?s=96&d=mm&r=g","url":"https:\/\/secure.gravatar.com\/avatar\/0da8c1efa10d8a584d86943c52f6cd925057e7d849d1c0d58bb11a4bfa85cff0?s=96&d=mm&r=g","contentUrl":"https:\/\/secure.gravatar.com\/avatar\/0da8c1efa10d8a584d86943c52f6cd925057e7d849d1c0d58bb11a4bfa85cff0?s=96&d=mm&r=g","caption":"Silvia"},"url":"https:\/\/redincola.org\/en\/author\/silvia\/"}]}},"_links":{"self":[{"href":"https:\/\/redincola.org\/en\/wp-json\/wp\/v2\/posts\/6917","targetHints":{"allow":["GET"]}}],"collection":[{"href":"https:\/\/redincola.org\/en\/wp-json\/wp\/v2\/posts"}],"about":[{"href":"https:\/\/redincola.org\/en\/wp-json\/wp\/v2\/types\/post"}],"author":[{"embeddable":true,"href":"https:\/\/redincola.org\/en\/wp-json\/wp\/v2\/users\/2"}],"replies":[{"embeddable":true,"href":"https:\/\/redincola.org\/en\/wp-json\/wp\/v2\/comments?post=6917"}],"version-history":[{"count":2,"href":"https:\/\/redincola.org\/en\/wp-json\/wp\/v2\/posts\/6917\/revisions"}],"predecessor-version":[{"id":7385,"href":"https:\/\/redincola.org\/en\/wp-json\/wp\/v2\/posts\/6917\/revisions\/7385"}],"wp:featuredmedia":[{"embeddable":true,"href":"https:\/\/redincola.org\/en\/wp-json\/wp\/v2\/media\/6918"}],"wp:attachment":[{"href":"https:\/\/redincola.org\/en\/wp-json\/wp\/v2\/media?parent=6917"}],"wp:term":[{"taxonomy":"category","embeddable":true,"href":"https:\/\/redincola.org\/en\/wp-json\/wp\/v2\/categories?post=6917"},{"taxonomy":"post_tag","embeddable":true,"href":"https:\/\/redincola.org\/en\/wp-json\/wp\/v2\/tags?post=6917"}],"curies":[{"name":"wp","href":"https:\/\/api.w.org\/{rel}","templated":true}]}}