{"id":7312,"date":"2024-03-25T14:13:09","date_gmt":"2024-03-25T13:13:09","guid":{"rendered":"https:\/\/redincola.org\/?p=7312"},"modified":"2024-04-02T07:36:27","modified_gmt":"2024-04-02T06:36:27","slug":"impact-cambio-climatico-y-migraciones","status":"publish","type":"post","link":"https:\/\/redincola.org\/en\/impact-cambio-climatico-y-migraciones\/","title":{"rendered":"Impact: cambio clim\u00e1tico y migraciones"},"content":{"rendered":"\n<p>El proyecto Impact tiene como objetivo principal incrementar el conocimiento y la conciencia acerca del impacto del cambio clim\u00e1tico en los movimientos migratorios, mediante el desarrollo de capacidades y campa\u00f1as de sensibilizaci\u00f3n. Este proyecto est\u00e1 financiado por el programa Erasmus+.<\/p>\n\n\n\n<p>A trav\u00e9s de estas acciones, el proyecto aspira a fomentar el inter\u00e9s y el compromiso de la sociedad respecto al fen\u00f3meno del cambio clim\u00e1tico como uno de los motores principales de la migraci\u00f3n, tanto a nivel organizacional como comunitario. Se espera que esto genere un impulso significativo para intensificar los esfuerzos destinados a mitigar y adaptarse a los impactos del cambio clim\u00e1tico.<\/p>\n\n\n\n<p><strong>Queremos<\/strong> <strong>contribuir a una mayor cooperaci\u00f3n e innovaci\u00f3n en la promoci\u00f3n de la  inclusi\u00f3n y la diversidad a nivel de organizaciones y pol\u00edticas en el \u00e1mbito de la educaci\u00f3n y la formaci\u00f3n<\/strong>. <\/p>\n\n\n\n<p>Objetivos espec\u00edficos: <\/p>\n\n\n\n<ul class=\"wp-block-list\">\n<li>Desarrollar capacidades para la sensibilizaci\u00f3n dentro de la comunidad educativa sobre el impacto del cambio clim\u00e1tico como motor de la migraci\u00f3n.<\/li>\n\n\n\n<li>Apoyar a los docentes, l\u00edderes escolares y otras profesiones mediante el desarrollo de capacidades gracias al desarrollo de una publicaci\u00f3n sobre el impacto del cambio clim\u00e1tico en la migraci\u00f3n, y un conjunto de herramientas para apoyar a los educadores, formadores, trabajadores juveniles y trabajadores sociales que abordan el v\u00ednculo entre el cambio clim\u00e1tico y la migraci\u00f3n para trabajar en el aula. Al proporcionar recursos y orientaci\u00f3n, el proyecto busca mejorar la capacidad de estos profesionales para abordar el tema cr\u00edtico de la migraci\u00f3n inducida por el cambio clim\u00e1tico y la consiguiente injusticia social.<\/li>\n\n\n\n<li>Promover el intercambio de mejores pr\u00e1cticas en materia de creaci\u00f3n de capacidades y sensibilizaci\u00f3n dentro de la comunidad educativa sobre el impacto del cambio clim\u00e1tico como motor de la migraci\u00f3n. Tambi\u00e9n podr\u00e1 tener beneficios m\u00e1s amplios para abordar las desventajas educativas y mejorar las habilidades b\u00e1sicas.<\/li>\n<\/ul>\n\n\n<div class=\"wp-block-image\">\n<figure class=\"alignright size-full is-resized\"><img fetchpriority=\"high\" decoding=\"async\" width=\"960\" height=\"539\" src=\"https:\/\/redincola.org\/wp-content\/uploads\/2024\/03\/Imagen_wev.jpg\" alt=\"\" class=\"wp-image-7308\" style=\"aspect-ratio:1.7810760667903525;width:406px;height:auto\" srcset=\"https:\/\/redincola.org\/wp-content\/uploads\/2024\/03\/Imagen_wev.jpg 960w, https:\/\/redincola.org\/wp-content\/uploads\/2024\/03\/Imagen_wev-300x168.jpg 300w, https:\/\/redincola.org\/wp-content\/uploads\/2024\/03\/Imagen_wev-768x431.jpg 768w\" sizes=\"(max-width: 960px) 100vw, 960px\" \/><\/figure><\/div>\n\n\n<p><strong>Actividades: <\/strong><\/p>\n\n\n\n<ul class=\"wp-block-list\">\n<li>Visita de estudio en Etiop\u00eda<\/li>\n\n\n\n<li>Revisi\u00f3n de los conocimientos existentes sobre el impacto del cambio clim\u00e1tico en la migraci\u00f3n<\/li>\n\n\n\n<li>Creaci\u00f3n de una publicaci\u00f3n sobre el impacto del cambio clim\u00e1tico en la migraci\u00f3n, y un conjunto de herramientas para trabajar en el aula. <\/li>\n\n\n\n<li>Desarrollar materiales de sensibilizaci\u00f3n, organizar sesiones de capacitaci\u00f3n y talleres, facilitar el intercambio de pr\u00e1cticas entre las partes interesadas y difundir los resultados del proyecto a audiencias relevantes a trav\u00e9s de diversos canales. <\/li>\n\n\n\n<li>Taller internacional en B\u00e9lgica<\/li>\n\n\n\n<li>Talleres locales en cada uno de los pa\u00edses de las entidades socias y seminarios web<\/li>\n\n\n\n<li>Creaci\u00f3n de un sitio web del proyecto y cuentas de redes sociales para garantizar una difusi\u00f3n m\u00e1s amplia.<\/li>\n<\/ul>\n\n\n\n<p><strong>Socios<\/strong><\/p>\n\n\n\n<ul class=\"wp-block-list\">\n<li><a href=\"https:\/\/www.ecepaa.eu\/impact\/\" target=\"_blank\" rel=\"noreferrer noopener\">European Centre for Economic and Policy Analysis and Affairs (ECEPAA<strong>)<\/strong><\/a><\/li>\n\n\n\n<li><a href=\"https:\/\/impact-erasmus.eu\/index.php\/about\/partners\/hespi\" target=\"_blank\" rel=\"noreferrer noopener\">HESPI (The Horn Economic and Social Policy Institute)<strong style=\"box-sizing: border-box; font-weight: bolder; color: rgb(73, 80, 87); font-family: &quot;Readex Pro&quot;; font-size: 24px; font-style: normal; font-variant-ligatures: normal; font-variant-caps: normal; letter-spacing: normal; orphans: 2; text-align: center; text-indent: 0px; text-transform: none; widows: 2; word-spacing: 0px; -webkit-text-stroke-width: 0px; white-space: normal; background-color: rgb(255, 255, 255); text-decoration-thickness: initial; text-decoration-style: initial; text-decoration-color: initial;\"><\/strong><\/a><\/li>\n\n\n\n<li><a href=\"https:\/\/impact-erasmus.eu\/index.php\/about\/partners\/laboratory-center-katerini\" target=\"_blank\" rel=\"noreferrer noopener\">Laboratory Center Katerin<\/a><em><a href=\"https:\/\/impact-erasmus.eu\/index.php\/about\/partners\/laboratory-center-katerini\" target=\"_blank\" rel=\"noreferrer noopener\">i<\/a><\/em><\/li>\n\n\n\n<li><a href=\"https:\/\/impact-erasmus.eu\/index.php\/about\/partners\/gph-school\" target=\"_blank\" rel=\"noreferrer noopener\">GPH Institute de la Providence<\/a><\/li>\n\n\n\n<li><a href=\"https:\/\/impact-erasmus.eu\/index.php\/about\/partners\/laeng-meucci\" target=\"_blank\" rel=\"noreferrer noopener\">I.I.I Laeng Meucci<\/a><\/li>\n<\/ul>\n\n\n\n<p><strong>Documentos y contacto: <\/strong><\/p>\n\n\n\n<div class=\"wp-block-file\"><a id=\"wp-block-file--media-74f587a5-37a2-4c18-9747-4ff6fdeeb6be\" href=\"https:\/\/redincola.org\/wp-content\/uploads\/2024\/03\/impact-2.pdf\">Informaci\u00f3n del proyecto <\/a><a href=\"https:\/\/redincola.org\/wp-content\/uploads\/2024\/03\/impact-2.pdf\" class=\"wp-block-file__button wp-element-button\" download aria-describedby=\"wp-block-file--media-74f587a5-37a2-4c18-9747-4ff6fdeeb6be\">Descarga<\/a><\/div>\n\n\n\n<div class=\"wp-block-file\"><a id=\"wp-block-file--media-5d627e83-dde0-47ea-b891-2ca3114aaa3b\" href=\"https:\/\/redincola.org\/wp-content\/uploads\/2024\/03\/Cronograma-IMPACT-1.pdf\">Cronograma IMPACT<\/a><a href=\"https:\/\/redincola.org\/wp-content\/uploads\/2024\/03\/Cronograma-IMPACT-1.pdf\" class=\"wp-block-file__button wp-element-button\" download aria-describedby=\"wp-block-file--media-5d627e83-dde0-47ea-b891-2ca3114aaa3b\">Descarga<\/a><\/div>\n\n\n\n<p>Website: <a href=\"https:\/\/impact-erasmus.eu\/index.php\">https:\/\/impact-erasmus.eu\/index.php<\/a><\/p>\n\n\n\n<p>Redes sociales: <\/p>\n\n\n\n<ul class=\"wp-block-list\">\n<li>Facebook: <a href=\"https:\/\/www.facebook.com\/profile.php?id=61555436109214\" target=\"_blank\" rel=\"noreferrer noopener\">https:\/\/www.facebook.com\/profile.php?id=61555436109214<\/a><\/li>\n<\/ul>\n\n\n\n<ul class=\"wp-block-list\">\n<li>Linkedin:<a href=\"https:\/\/www.linkedin.com\/in\/impact-project-0b34772ab\/\" target=\"_blank\" rel=\"noreferrer noopener\"> https:\/\/www.linkedin.com\/in\/impact-project-0b34772ab\/<\/a><\/li>\n<\/ul>\n\n\n\n<ul class=\"wp-block-list\">\n<li>Twitter: @ImpactErasmus<\/li>\n<\/ul>\n","protected":false},"excerpt":{"rendered":"<p>El proyecto Impact tiene como objetivo principal incrementar el conocimiento y la conciencia acerca del impacto del cambio clim\u00e1tico en los movimientos migratorios, mediante el desarrollo de capacidades y campa\u00f1as de sensibilizaci\u00f3n. Este proyecto est\u00e1 financiado por el programa Erasmus+. A trav\u00e9s de estas acciones, el proyecto aspira a fomentar el inter\u00e9s y el compromiso [&hellip;]<\/p>\n","protected":false},"author":2,"featured_media":7306,"comment_status":"closed","ping_status":"closed","sticky":false,"template":"","format":"standard","meta":{"footnotes":""},"categories":[30],"tags":[298,177,297,186],"class_list":["post-7312","post","type-post","status-publish","format-standard","has-post-thumbnail","hentry","category-proyectos","tag-cambio-climatico","tag-educacion-2","tag-medio-ambiente","tag-migraciones"],"yoast_head":"<!-- This site is optimized with the Yoast SEO plugin v27.4 - https:\/\/yoast.com\/product\/yoast-seo-wordpress\/ -->\n<title>Impact: cambio clim\u00e1tico y migraciones - Red \u00cdncola<\/title>\n<meta name=\"description\" content=\"El proyecto Impact busca aumentar el conocimiento y sensibilizar sobre el impacto del cambio clim\u00e1tico en las migraciones.\" \/>\n<meta name=\"robots\" content=\"index, follow, max-snippet:-1, max-image-preview:large, max-video-preview:-1\" \/>\n<link rel=\"canonical\" href=\"https:\/\/redincola.org\/impact-cambio-climatico-y-migraciones\/\" \/>\n<meta property=\"og:locale\" content=\"en_US\" \/>\n<meta property=\"og:type\" content=\"article\" \/>\n<meta property=\"og:title\" content=\"Impact: cambio clim\u00e1tico y migraciones - Red \u00cdncola\" \/>\n<meta property=\"og:description\" content=\"El proyecto Impact busca aumentar el conocimiento y sensibilizar sobre el impacto del cambio clim\u00e1tico en las migraciones.\" \/>\n<meta property=\"og:url\" content=\"https:\/\/redincola.org\/impact-cambio-climatico-y-migraciones\/\" \/>\n<meta property=\"og:site_name\" content=\"Red \u00cdncola\" \/>\n<meta property=\"article:published_time\" content=\"2024-03-25T13:13:09+00:00\" \/>\n<meta property=\"article:modified_time\" content=\"2024-04-02T06:36:27+00:00\" \/>\n<meta property=\"og:image\" content=\"https:\/\/redincola.org\/wp-content\/uploads\/2024\/03\/logo-impact1.png\" \/>\n\t<meta property=\"og:image:width\" content=\"2554\" \/>\n\t<meta property=\"og:image:height\" content=\"1248\" \/>\n\t<meta property=\"og:image:type\" content=\"image\/png\" \/>\n<meta name=\"author\" content=\"Silvia\" \/>\n<meta name=\"twitter:card\" content=\"summary_large_image\" \/>\n<meta name=\"twitter:label1\" content=\"Written by\" \/>\n\t<meta name=\"twitter:data1\" content=\"Silvia\" \/>\n\t<meta name=\"twitter:label2\" content=\"Est. reading time\" \/>\n\t<meta name=\"twitter:data2\" content=\"3 minutes\" \/>\n<script type=\"application\/ld+json\" class=\"yoast-schema-graph\">{\"@context\":\"https:\\\/\\\/schema.org\",\"@graph\":[{\"@type\":\"Article\",\"@id\":\"https:\\\/\\\/redincola.org\\\/impact-cambio-climatico-y-migraciones\\\/#article\",\"isPartOf\":{\"@id\":\"https:\\\/\\\/redincola.org\\\/impact-cambio-climatico-y-migraciones\\\/\"},\"author\":{\"name\":\"Silvia\",\"@id\":\"https:\\\/\\\/redincola.org\\\/#\\\/schema\\\/person\\\/5de58cd041e93847148ecf1b5adc86e0\"},\"headline\":\"Impact: cambio clim\u00e1tico y migraciones\",\"datePublished\":\"2024-03-25T13:13:09+00:00\",\"dateModified\":\"2024-04-02T06:36:27+00:00\",\"mainEntityOfPage\":{\"@id\":\"https:\\\/\\\/redincola.org\\\/impact-cambio-climatico-y-migraciones\\\/\"},\"wordCount\":542,\"publisher\":{\"@id\":\"https:\\\/\\\/redincola.org\\\/#organization\"},\"image\":{\"@id\":\"https:\\\/\\\/redincola.org\\\/impact-cambio-climatico-y-migraciones\\\/#primaryimage\"},\"thumbnailUrl\":\"https:\\\/\\\/redincola.org\\\/wp-content\\\/uploads\\\/2024\\\/03\\\/logo-impact1.png\",\"keywords\":[\"cambio clim\u00e1tico\",\"educaci\u00f3n\",\"medio ambiente\",\"migraciones\"],\"articleSection\":[\"Proyectos\"],\"inLanguage\":\"en-US\"},{\"@type\":\"WebPage\",\"@id\":\"https:\\\/\\\/redincola.org\\\/impact-cambio-climatico-y-migraciones\\\/\",\"url\":\"https:\\\/\\\/redincola.org\\\/impact-cambio-climatico-y-migraciones\\\/\",\"name\":\"Impact: cambio clim\u00e1tico y migraciones - Red \u00cdncola\",\"isPartOf\":{\"@id\":\"https:\\\/\\\/redincola.org\\\/#website\"},\"primaryImageOfPage\":{\"@id\":\"https:\\\/\\\/redincola.org\\\/impact-cambio-climatico-y-migraciones\\\/#primaryimage\"},\"image\":{\"@id\":\"https:\\\/\\\/redincola.org\\\/impact-cambio-climatico-y-migraciones\\\/#primaryimage\"},\"thumbnailUrl\":\"https:\\\/\\\/redincola.org\\\/wp-content\\\/uploads\\\/2024\\\/03\\\/logo-impact1.png\",\"datePublished\":\"2024-03-25T13:13:09+00:00\",\"dateModified\":\"2024-04-02T06:36:27+00:00\",\"description\":\"El proyecto Impact busca aumentar el conocimiento y sensibilizar sobre el impacto del cambio clim\u00e1tico en las migraciones.\",\"breadcrumb\":{\"@id\":\"https:\\\/\\\/redincola.org\\\/impact-cambio-climatico-y-migraciones\\\/#breadcrumb\"},\"inLanguage\":\"en-US\",\"potentialAction\":[{\"@type\":\"ReadAction\",\"target\":[\"https:\\\/\\\/redincola.org\\\/impact-cambio-climatico-y-migraciones\\\/\"]}]},{\"@type\":\"ImageObject\",\"inLanguage\":\"en-US\",\"@id\":\"https:\\\/\\\/redincola.org\\\/impact-cambio-climatico-y-migraciones\\\/#primaryimage\",\"url\":\"https:\\\/\\\/redincola.org\\\/wp-content\\\/uploads\\\/2024\\\/03\\\/logo-impact1.png\",\"contentUrl\":\"https:\\\/\\\/redincola.org\\\/wp-content\\\/uploads\\\/2024\\\/03\\\/logo-impact1.png\",\"width\":2554,\"height\":1248},{\"@type\":\"BreadcrumbList\",\"@id\":\"https:\\\/\\\/redincola.org\\\/impact-cambio-climatico-y-migraciones\\\/#breadcrumb\",\"itemListElement\":[{\"@type\":\"ListItem\",\"position\":1,\"name\":\"Portada\",\"item\":\"https:\\\/\\\/redincola.org\\\/\"},{\"@type\":\"ListItem\",\"position\":2,\"name\":\"Impact: cambio clim\u00e1tico y migraciones\"}]},{\"@type\":\"WebSite\",\"@id\":\"https:\\\/\\\/redincola.org\\\/#website\",\"url\":\"https:\\\/\\\/redincola.org\\\/\",\"name\":\"Red \u00cdncola\",\"description\":\"nos inspira el humanismo cristiano\",\"publisher\":{\"@id\":\"https:\\\/\\\/redincola.org\\\/#organization\"},\"potentialAction\":[{\"@type\":\"SearchAction\",\"target\":{\"@type\":\"EntryPoint\",\"urlTemplate\":\"https:\\\/\\\/redincola.org\\\/?s={search_term_string}\"},\"query-input\":{\"@type\":\"PropertyValueSpecification\",\"valueRequired\":true,\"valueName\":\"search_term_string\"}}],\"inLanguage\":\"en-US\"},{\"@type\":\"Organization\",\"@id\":\"https:\\\/\\\/redincola.org\\\/#organization\",\"name\":\"Red \u00cdncola\",\"url\":\"https:\\\/\\\/redincola.org\\\/\",\"logo\":{\"@type\":\"ImageObject\",\"inLanguage\":\"en-US\",\"@id\":\"https:\\\/\\\/redincola.org\\\/#\\\/schema\\\/logo\\\/image\\\/\",\"url\":\"https:\\\/\\\/redincola.org\\\/wp-content\\\/uploads\\\/2019\\\/07\\\/logo-fundacio\u0301n-red-incola.png\",\"contentUrl\":\"https:\\\/\\\/redincola.org\\\/wp-content\\\/uploads\\\/2019\\\/07\\\/logo-fundacio\u0301n-red-incola.png\",\"width\":800,\"height\":145,\"caption\":\"Red \u00cdncola\"},\"image\":{\"@id\":\"https:\\\/\\\/redincola.org\\\/#\\\/schema\\\/logo\\\/image\\\/\"}},{\"@type\":\"Person\",\"@id\":\"https:\\\/\\\/redincola.org\\\/#\\\/schema\\\/person\\\/5de58cd041e93847148ecf1b5adc86e0\",\"name\":\"Silvia\",\"image\":{\"@type\":\"ImageObject\",\"inLanguage\":\"en-US\",\"@id\":\"https:\\\/\\\/secure.gravatar.com\\\/avatar\\\/0da8c1efa10d8a584d86943c52f6cd925057e7d849d1c0d58bb11a4bfa85cff0?s=96&d=mm&r=g\",\"url\":\"https:\\\/\\\/secure.gravatar.com\\\/avatar\\\/0da8c1efa10d8a584d86943c52f6cd925057e7d849d1c0d58bb11a4bfa85cff0?s=96&d=mm&r=g\",\"contentUrl\":\"https:\\\/\\\/secure.gravatar.com\\\/avatar\\\/0da8c1efa10d8a584d86943c52f6cd925057e7d849d1c0d58bb11a4bfa85cff0?s=96&d=mm&r=g\",\"caption\":\"Silvia\"},\"url\":\"https:\\\/\\\/redincola.org\\\/en\\\/author\\\/silvia\\\/\"}]}<\/script>\n<!-- \/ Yoast SEO plugin. -->","yoast_head_json":{"title":"Impact: cambio clim\u00e1tico y migraciones - Red \u00cdncola","description":"El proyecto Impact busca aumentar el conocimiento y sensibilizar sobre el impacto del cambio clim\u00e1tico en las migraciones.","robots":{"index":"index","follow":"follow","max-snippet":"max-snippet:-1","max-image-preview":"max-image-preview:large","max-video-preview":"max-video-preview:-1"},"canonical":"https:\/\/redincola.org\/impact-cambio-climatico-y-migraciones\/","og_locale":"en_US","og_type":"article","og_title":"Impact: cambio clim\u00e1tico y migraciones - Red \u00cdncola","og_description":"El proyecto Impact busca aumentar el conocimiento y sensibilizar sobre el impacto del cambio clim\u00e1tico en las migraciones.","og_url":"https:\/\/redincola.org\/impact-cambio-climatico-y-migraciones\/","og_site_name":"Red \u00cdncola","article_published_time":"2024-03-25T13:13:09+00:00","article_modified_time":"2024-04-02T06:36:27+00:00","og_image":[{"width":2554,"height":1248,"url":"https:\/\/redincola.org\/wp-content\/uploads\/2024\/03\/logo-impact1.png","type":"image\/png"}],"author":"Silvia","twitter_card":"summary_large_image","twitter_misc":{"Written by":"Silvia","Est. reading time":"3 minutes"},"schema":{"@context":"https:\/\/schema.org","@graph":[{"@type":"Article","@id":"https:\/\/redincola.org\/impact-cambio-climatico-y-migraciones\/#article","isPartOf":{"@id":"https:\/\/redincola.org\/impact-cambio-climatico-y-migraciones\/"},"author":{"name":"Silvia","@id":"https:\/\/redincola.org\/#\/schema\/person\/5de58cd041e93847148ecf1b5adc86e0"},"headline":"Impact: cambio clim\u00e1tico y migraciones","datePublished":"2024-03-25T13:13:09+00:00","dateModified":"2024-04-02T06:36:27+00:00","mainEntityOfPage":{"@id":"https:\/\/redincola.org\/impact-cambio-climatico-y-migraciones\/"},"wordCount":542,"publisher":{"@id":"https:\/\/redincola.org\/#organization"},"image":{"@id":"https:\/\/redincola.org\/impact-cambio-climatico-y-migraciones\/#primaryimage"},"thumbnailUrl":"https:\/\/redincola.org\/wp-content\/uploads\/2024\/03\/logo-impact1.png","keywords":["cambio clim\u00e1tico","educaci\u00f3n","medio ambiente","migraciones"],"articleSection":["Proyectos"],"inLanguage":"en-US"},{"@type":"WebPage","@id":"https:\/\/redincola.org\/impact-cambio-climatico-y-migraciones\/","url":"https:\/\/redincola.org\/impact-cambio-climatico-y-migraciones\/","name":"Impact: cambio clim\u00e1tico y migraciones - Red \u00cdncola","isPartOf":{"@id":"https:\/\/redincola.org\/#website"},"primaryImageOfPage":{"@id":"https:\/\/redincola.org\/impact-cambio-climatico-y-migraciones\/#primaryimage"},"image":{"@id":"https:\/\/redincola.org\/impact-cambio-climatico-y-migraciones\/#primaryimage"},"thumbnailUrl":"https:\/\/redincola.org\/wp-content\/uploads\/2024\/03\/logo-impact1.png","datePublished":"2024-03-25T13:13:09+00:00","dateModified":"2024-04-02T06:36:27+00:00","description":"El proyecto Impact busca aumentar el conocimiento y sensibilizar sobre el impacto del cambio clim\u00e1tico en las migraciones.","breadcrumb":{"@id":"https:\/\/redincola.org\/impact-cambio-climatico-y-migraciones\/#breadcrumb"},"inLanguage":"en-US","potentialAction":[{"@type":"ReadAction","target":["https:\/\/redincola.org\/impact-cambio-climatico-y-migraciones\/"]}]},{"@type":"ImageObject","inLanguage":"en-US","@id":"https:\/\/redincola.org\/impact-cambio-climatico-y-migraciones\/#primaryimage","url":"https:\/\/redincola.org\/wp-content\/uploads\/2024\/03\/logo-impact1.png","contentUrl":"https:\/\/redincola.org\/wp-content\/uploads\/2024\/03\/logo-impact1.png","width":2554,"height":1248},{"@type":"BreadcrumbList","@id":"https:\/\/redincola.org\/impact-cambio-climatico-y-migraciones\/#breadcrumb","itemListElement":[{"@type":"ListItem","position":1,"name":"Portada","item":"https:\/\/redincola.org\/"},{"@type":"ListItem","position":2,"name":"Impact: cambio clim\u00e1tico y migraciones"}]},{"@type":"WebSite","@id":"https:\/\/redincola.org\/#website","url":"https:\/\/redincola.org\/","name":"Red \u00cdncola","description":"nos inspira el humanismo cristiano","publisher":{"@id":"https:\/\/redincola.org\/#organization"},"potentialAction":[{"@type":"SearchAction","target":{"@type":"EntryPoint","urlTemplate":"https:\/\/redincola.org\/?s={search_term_string}"},"query-input":{"@type":"PropertyValueSpecification","valueRequired":true,"valueName":"search_term_string"}}],"inLanguage":"en-US"},{"@type":"Organization","@id":"https:\/\/redincola.org\/#organization","name":"Red \u00cdncola","url":"https:\/\/redincola.org\/","logo":{"@type":"ImageObject","inLanguage":"en-US","@id":"https:\/\/redincola.org\/#\/schema\/logo\/image\/","url":"https:\/\/redincola.org\/wp-content\/uploads\/2019\/07\/logo-fundacio\u0301n-red-incola.png","contentUrl":"https:\/\/redincola.org\/wp-content\/uploads\/2019\/07\/logo-fundacio\u0301n-red-incola.png","width":800,"height":145,"caption":"Red \u00cdncola"},"image":{"@id":"https:\/\/redincola.org\/#\/schema\/logo\/image\/"}},{"@type":"Person","@id":"https:\/\/redincola.org\/#\/schema\/person\/5de58cd041e93847148ecf1b5adc86e0","name":"Silvia","image":{"@type":"ImageObject","inLanguage":"en-US","@id":"https:\/\/secure.gravatar.com\/avatar\/0da8c1efa10d8a584d86943c52f6cd925057e7d849d1c0d58bb11a4bfa85cff0?s=96&d=mm&r=g","url":"https:\/\/secure.gravatar.com\/avatar\/0da8c1efa10d8a584d86943c52f6cd925057e7d849d1c0d58bb11a4bfa85cff0?s=96&d=mm&r=g","contentUrl":"https:\/\/secure.gravatar.com\/avatar\/0da8c1efa10d8a584d86943c52f6cd925057e7d849d1c0d58bb11a4bfa85cff0?s=96&d=mm&r=g","caption":"Silvia"},"url":"https:\/\/redincola.org\/en\/author\/silvia\/"}]}},"_links":{"self":[{"href":"https:\/\/redincola.org\/en\/wp-json\/wp\/v2\/posts\/7312","targetHints":{"allow":["GET"]}}],"collection":[{"href":"https:\/\/redincola.org\/en\/wp-json\/wp\/v2\/posts"}],"about":[{"href":"https:\/\/redincola.org\/en\/wp-json\/wp\/v2\/types\/post"}],"author":[{"embeddable":true,"href":"https:\/\/redincola.org\/en\/wp-json\/wp\/v2\/users\/2"}],"replies":[{"embeddable":true,"href":"https:\/\/redincola.org\/en\/wp-json\/wp\/v2\/comments?post=7312"}],"version-history":[{"count":5,"href":"https:\/\/redincola.org\/en\/wp-json\/wp\/v2\/posts\/7312\/revisions"}],"predecessor-version":[{"id":7379,"href":"https:\/\/redincola.org\/en\/wp-json\/wp\/v2\/posts\/7312\/revisions\/7379"}],"wp:featuredmedia":[{"embeddable":true,"href":"https:\/\/redincola.org\/en\/wp-json\/wp\/v2\/media\/7306"}],"wp:attachment":[{"href":"https:\/\/redincola.org\/en\/wp-json\/wp\/v2\/media?parent=7312"}],"wp:term":[{"taxonomy":"category","embeddable":true,"href":"https:\/\/redincola.org\/en\/wp-json\/wp\/v2\/categories?post=7312"},{"taxonomy":"post_tag","embeddable":true,"href":"https:\/\/redincola.org\/en\/wp-json\/wp\/v2\/tags?post=7312"}],"curies":[{"name":"wp","href":"https:\/\/api.w.org\/{rel}","templated":true}]}}