{"id":7918,"date":"2024-10-18T16:34:20","date_gmt":"2024-10-18T15:34:20","guid":{"rendered":"https:\/\/redincola.org\/?p=7918"},"modified":"2024-10-18T16:39:17","modified_gmt":"2024-10-18T15:39:17","slug":"una-mirada-dia-pobreza","status":"publish","type":"post","link":"https:\/\/redincola.org\/en\/una-mirada-dia-pobreza\/","title":{"rendered":"Una mirada a nuestro alrededor m\u00e1s all\u00e1 del d\u00eda a d\u00eda."},"content":{"rendered":"\n<p>El 17 de octubre se recuerda el d\u00eda internacional para la erradicaci\u00f3n de la pobreza o d\u00eda de la pobreza cero. La invitaci\u00f3n que se nos lanza hoy, es a mirar a nuestro alrededor, y ver m\u00e1s all\u00e1 de nuestros c\u00edrculos habituales y mirar a quien se queda en los m\u00e1rgenes.<\/p>\n\n\n\n<p>Los datos recogidos por la Red Europea contra la pobreza en Castilla y Le\u00f3n de la que <a href=\"redincola.org\">Fundaci\u00f3n Red \u00cdncola<\/a> forma parte destacan:<\/p>\n\n\n\n<p>Que <strong>m\u00e1s de uno de cada cinco<\/strong> <strong>personas (22,4%)<\/strong> en Castila y Le\u00f3n est\u00e1n en riesgo de pobreza y exclusi\u00f3n social. &nbsp;<\/p>\n\n\n\n<p>De las cuales <strong>casi una de cada diez (8,9%)<\/strong> se encuentran en situaci\u00f3n de pobreza severa en nuestra comunidad aut\u00f3noma, ampli\u00e1ndose la brecha entre la poblaci\u00f3n rural y urbana.<\/p>\n\n\n\n<p>Ante esta mirada a la realidad, muchas veces invisible, <a href=\"https:\/\/www.eapncastillayleon.es\/el-224-530-000-personas-de-la-poblacion-en-castilla-y-leon-esta-en-riesgo-de-pobreza-y-o-exclusion\/\">desde este estudio<\/a> se proponen una serie de propuestas para luchar contra ello:<\/p>\n\n\n\n<ul class=\"wp-block-list\">\n<li><strong>Un sistema educativo inclusivo<\/strong>: Destacan la necesidad de garantizar un sistema educativo inclusivo, que prevenga el abandono y el fracaso escolar, as\u00ed como garantizar la formaci\u00f3n y la educaci\u00f3n a lo largo de la vida.<\/li>\n\n\n\n<li><strong>Pol\u00edticas de vivienda coordinadas:<\/strong>&nbsp;El acceso a la vivienda se ha convertido en un factor esencial para luchar contra la pobreza, por lo que desde la red proponen que se lleven a cabo medidas coordinadas y estructurales entre las diferentes administraciones para garantizar el acceso a la vivienda.<\/li>\n\n\n\n<li><strong>Medidas espec\u00edficas contra la pobreza infantil, la feminizaci\u00f3n de la pobreza y la brecha Rural-Urbana<\/strong>: Se destaca la necesidad de pol\u00edticas espec\u00edficas para combatir la pobreza infantil, apoyar a las mujeres en situaci\u00f3n de exclusi\u00f3n y hogares monomarentales, y reducir las diferencias entre lo rural y lo urbano.<\/li>\n\n\n\n<li><strong>Visibilizar el trabajo del Tercer Sector:<\/strong>&nbsp; Reconocer el esfuerzo de trabajadores\/as y voluntarios\/as en entidades sociales que&nbsp;luchan diariamente por erradicar la pobreza.<\/li>\n<\/ul>\n\n\n\n<p>En definitiva, la pobreza y la exclusi\u00f3n social nos afectan a todos y si no garantizamos la igualdad de oportunidades para toda la ciudadan\u00eda, fallamos como sociedad, y es responsabilidad colectiva combatir los discursos aporof\u00f3bicos y trabajar por una sociedad inclusiva donde nadie queda atr\u00e1s.<\/p>\n","protected":false},"excerpt":{"rendered":"<p>Una de cada cinco personas est\u00e1 en riesgo de pobreza en Castilla y Le\u00f3n<\/p>\n","protected":false},"author":3,"featured_media":7919,"comment_status":"closed","ping_status":"closed","sticky":false,"template":"","format":"standard","meta":{"footnotes":""},"categories":[28],"tags":[336,209],"class_list":["post-7918","post","type-post","status-publish","format-standard","has-post-thumbnail","hentry","category-noticias","tag-exclusion","tag-pobreza"],"yoast_head":"<!-- This site is optimized with the Yoast SEO plugin v27.5 - https:\/\/yoast.com\/product\/yoast-seo-wordpress\/ -->\n<title>Una mirada a nuestro alrededor m\u00e1s all\u00e1 del d\u00eda a d\u00eda. - Red \u00cdncola<\/title>\n<meta name=\"description\" content=\"Una de cada cinco personas, en Castilla y Le\u00f3n, se encuentra en riesgo de caer en situaci\u00f3n de pobreza y exclusi\u00f3n.\" \/>\n<meta name=\"robots\" content=\"index, follow, max-snippet:-1, max-image-preview:large, max-video-preview:-1\" \/>\n<link rel=\"canonical\" href=\"https:\/\/redincola.org\/una-mirada-dia-pobreza\/\" \/>\n<meta property=\"og:locale\" content=\"en_US\" \/>\n<meta property=\"og:type\" content=\"article\" \/>\n<meta property=\"og:title\" content=\"Una mirada a nuestro alrededor m\u00e1s all\u00e1 del d\u00eda a d\u00eda. - Red \u00cdncola\" \/>\n<meta property=\"og:description\" content=\"Una de cada cinco personas, en Castilla y Le\u00f3n, se encuentra en riesgo de caer en situaci\u00f3n de pobreza y exclusi\u00f3n.\" \/>\n<meta property=\"og:url\" content=\"https:\/\/redincola.org\/una-mirada-dia-pobreza\/\" \/>\n<meta property=\"og:site_name\" content=\"Red \u00cdncola\" \/>\n<meta property=\"article:published_time\" content=\"2024-10-18T15:34:20+00:00\" \/>\n<meta property=\"article:modified_time\" content=\"2024-10-18T15:39:17+00:00\" \/>\n<meta property=\"og:image\" content=\"https:\/\/redincola.org\/wp-content\/uploads\/2024\/10\/pexels-ingo-9816-scaled.jpg\" \/>\n\t<meta property=\"og:image:width\" content=\"2560\" \/>\n\t<meta property=\"og:image:height\" content=\"1057\" \/>\n\t<meta property=\"og:image:type\" content=\"image\/jpeg\" \/>\n<meta name=\"author\" content=\"Eduardo Menchaca\" \/>\n<meta name=\"twitter:card\" content=\"summary_large_image\" \/>\n<meta name=\"twitter:label1\" content=\"Written by\" \/>\n\t<meta name=\"twitter:data1\" content=\"Eduardo Menchaca\" \/>\n\t<meta name=\"twitter:label2\" content=\"Est. reading time\" \/>\n\t<meta name=\"twitter:data2\" content=\"2 minutes\" \/>\n<script type=\"application\/ld+json\" class=\"yoast-schema-graph\">{\"@context\":\"https:\\\/\\\/schema.org\",\"@graph\":[{\"@type\":\"Article\",\"@id\":\"https:\\\/\\\/redincola.org\\\/una-mirada-dia-pobreza\\\/#article\",\"isPartOf\":{\"@id\":\"https:\\\/\\\/redincola.org\\\/una-mirada-dia-pobreza\\\/\"},\"author\":{\"name\":\"Eduardo Menchaca\",\"@id\":\"https:\\\/\\\/redincola.org\\\/#\\\/schema\\\/person\\\/3c602f321cce7912c7b702a81fbaf475\"},\"headline\":\"Una mirada a nuestro alrededor m\u00e1s all\u00e1 del d\u00eda a d\u00eda.\",\"datePublished\":\"2024-10-18T15:34:20+00:00\",\"dateModified\":\"2024-10-18T15:39:17+00:00\",\"mainEntityOfPage\":{\"@id\":\"https:\\\/\\\/redincola.org\\\/una-mirada-dia-pobreza\\\/\"},\"wordCount\":392,\"publisher\":{\"@id\":\"https:\\\/\\\/redincola.org\\\/#organization\"},\"image\":{\"@id\":\"https:\\\/\\\/redincola.org\\\/una-mirada-dia-pobreza\\\/#primaryimage\"},\"thumbnailUrl\":\"https:\\\/\\\/redincola.org\\\/wp-content\\\/uploads\\\/2024\\\/10\\\/pexels-ingo-9816-scaled.jpg\",\"keywords\":[\"exclusi\u00f3n\",\"pobreza\"],\"articleSection\":[\"Noticias\"],\"inLanguage\":\"en-US\"},{\"@type\":\"WebPage\",\"@id\":\"https:\\\/\\\/redincola.org\\\/una-mirada-dia-pobreza\\\/\",\"url\":\"https:\\\/\\\/redincola.org\\\/una-mirada-dia-pobreza\\\/\",\"name\":\"Una mirada a nuestro alrededor m\u00e1s all\u00e1 del d\u00eda a d\u00eda. - Red \u00cdncola\",\"isPartOf\":{\"@id\":\"https:\\\/\\\/redincola.org\\\/#website\"},\"primaryImageOfPage\":{\"@id\":\"https:\\\/\\\/redincola.org\\\/una-mirada-dia-pobreza\\\/#primaryimage\"},\"image\":{\"@id\":\"https:\\\/\\\/redincola.org\\\/una-mirada-dia-pobreza\\\/#primaryimage\"},\"thumbnailUrl\":\"https:\\\/\\\/redincola.org\\\/wp-content\\\/uploads\\\/2024\\\/10\\\/pexels-ingo-9816-scaled.jpg\",\"datePublished\":\"2024-10-18T15:34:20+00:00\",\"dateModified\":\"2024-10-18T15:39:17+00:00\",\"description\":\"Una de cada cinco personas, en Castilla y Le\u00f3n, se encuentra en riesgo de caer en situaci\u00f3n de pobreza y exclusi\u00f3n.\",\"breadcrumb\":{\"@id\":\"https:\\\/\\\/redincola.org\\\/una-mirada-dia-pobreza\\\/#breadcrumb\"},\"inLanguage\":\"en-US\",\"potentialAction\":[{\"@type\":\"ReadAction\",\"target\":[\"https:\\\/\\\/redincola.org\\\/una-mirada-dia-pobreza\\\/\"]}]},{\"@type\":\"ImageObject\",\"inLanguage\":\"en-US\",\"@id\":\"https:\\\/\\\/redincola.org\\\/una-mirada-dia-pobreza\\\/#primaryimage\",\"url\":\"https:\\\/\\\/redincola.org\\\/wp-content\\\/uploads\\\/2024\\\/10\\\/pexels-ingo-9816-scaled.jpg\",\"contentUrl\":\"https:\\\/\\\/redincola.org\\\/wp-content\\\/uploads\\\/2024\\\/10\\\/pexels-ingo-9816-scaled.jpg\",\"width\":2560,\"height\":1057,\"caption\":\"Uno de cada 5 personas se encuentra en riesgo de pobreza.\"},{\"@type\":\"BreadcrumbList\",\"@id\":\"https:\\\/\\\/redincola.org\\\/una-mirada-dia-pobreza\\\/#breadcrumb\",\"itemListElement\":[{\"@type\":\"ListItem\",\"position\":1,\"name\":\"Portada\",\"item\":\"https:\\\/\\\/redincola.org\\\/\"},{\"@type\":\"ListItem\",\"position\":2,\"name\":\"Una mirada a nuestro alrededor m\u00e1s all\u00e1 del d\u00eda a d\u00eda.\"}]},{\"@type\":\"WebSite\",\"@id\":\"https:\\\/\\\/redincola.org\\\/#website\",\"url\":\"https:\\\/\\\/redincola.org\\\/\",\"name\":\"Red \u00cdncola\",\"description\":\"nos inspira el humanismo cristiano\",\"publisher\":{\"@id\":\"https:\\\/\\\/redincola.org\\\/#organization\"},\"potentialAction\":[{\"@type\":\"SearchAction\",\"target\":{\"@type\":\"EntryPoint\",\"urlTemplate\":\"https:\\\/\\\/redincola.org\\\/?s={search_term_string}\"},\"query-input\":{\"@type\":\"PropertyValueSpecification\",\"valueRequired\":true,\"valueName\":\"search_term_string\"}}],\"inLanguage\":\"en-US\"},{\"@type\":\"Organization\",\"@id\":\"https:\\\/\\\/redincola.org\\\/#organization\",\"name\":\"Red \u00cdncola\",\"url\":\"https:\\\/\\\/redincola.org\\\/\",\"logo\":{\"@type\":\"ImageObject\",\"inLanguage\":\"en-US\",\"@id\":\"https:\\\/\\\/redincola.org\\\/#\\\/schema\\\/logo\\\/image\\\/\",\"url\":\"https:\\\/\\\/redincola.org\\\/wp-content\\\/uploads\\\/2019\\\/07\\\/logo-fundacio\u0301n-red-incola.png\",\"contentUrl\":\"https:\\\/\\\/redincola.org\\\/wp-content\\\/uploads\\\/2019\\\/07\\\/logo-fundacio\u0301n-red-incola.png\",\"width\":800,\"height\":145,\"caption\":\"Red \u00cdncola\"},\"image\":{\"@id\":\"https:\\\/\\\/redincola.org\\\/#\\\/schema\\\/logo\\\/image\\\/\"}},{\"@type\":\"Person\",\"@id\":\"https:\\\/\\\/redincola.org\\\/#\\\/schema\\\/person\\\/3c602f321cce7912c7b702a81fbaf475\",\"name\":\"Eduardo Menchaca\",\"image\":{\"@type\":\"ImageObject\",\"inLanguage\":\"en-US\",\"@id\":\"https:\\\/\\\/secure.gravatar.com\\\/avatar\\\/34d1373433165c1f04f6c2748a8a3ded1cd9723b53eddfc5f2a608f32ec5f04e?s=96&d=mm&r=g\",\"url\":\"https:\\\/\\\/secure.gravatar.com\\\/avatar\\\/34d1373433165c1f04f6c2748a8a3ded1cd9723b53eddfc5f2a608f32ec5f04e?s=96&d=mm&r=g\",\"contentUrl\":\"https:\\\/\\\/secure.gravatar.com\\\/avatar\\\/34d1373433165c1f04f6c2748a8a3ded1cd9723b53eddfc5f2a608f32ec5f04e?s=96&d=mm&r=g\",\"caption\":\"Eduardo Menchaca\"},\"url\":\"https:\\\/\\\/redincola.org\\\/en\\\/author\\\/mencha\\\/\"}]}<\/script>\n<!-- \/ Yoast SEO plugin. -->","yoast_head_json":{"title":"Una mirada a nuestro alrededor m\u00e1s all\u00e1 del d\u00eda a d\u00eda. - Red \u00cdncola","description":"Una de cada cinco personas, en Castilla y Le\u00f3n, se encuentra en riesgo de caer en situaci\u00f3n de pobreza y exclusi\u00f3n.","robots":{"index":"index","follow":"follow","max-snippet":"max-snippet:-1","max-image-preview":"max-image-preview:large","max-video-preview":"max-video-preview:-1"},"canonical":"https:\/\/redincola.org\/una-mirada-dia-pobreza\/","og_locale":"en_US","og_type":"article","og_title":"Una mirada a nuestro alrededor m\u00e1s all\u00e1 del d\u00eda a d\u00eda. - Red \u00cdncola","og_description":"Una de cada cinco personas, en Castilla y Le\u00f3n, se encuentra en riesgo de caer en situaci\u00f3n de pobreza y exclusi\u00f3n.","og_url":"https:\/\/redincola.org\/una-mirada-dia-pobreza\/","og_site_name":"Red \u00cdncola","article_published_time":"2024-10-18T15:34:20+00:00","article_modified_time":"2024-10-18T15:39:17+00:00","og_image":[{"width":2560,"height":1057,"url":"https:\/\/redincola.org\/wp-content\/uploads\/2024\/10\/pexels-ingo-9816-scaled.jpg","type":"image\/jpeg"}],"author":"Eduardo Menchaca","twitter_card":"summary_large_image","twitter_misc":{"Written by":"Eduardo Menchaca","Est. reading time":"2 minutes"},"schema":{"@context":"https:\/\/schema.org","@graph":[{"@type":"Article","@id":"https:\/\/redincola.org\/una-mirada-dia-pobreza\/#article","isPartOf":{"@id":"https:\/\/redincola.org\/una-mirada-dia-pobreza\/"},"author":{"name":"Eduardo Menchaca","@id":"https:\/\/redincola.org\/#\/schema\/person\/3c602f321cce7912c7b702a81fbaf475"},"headline":"Una mirada a nuestro alrededor m\u00e1s all\u00e1 del d\u00eda a d\u00eda.","datePublished":"2024-10-18T15:34:20+00:00","dateModified":"2024-10-18T15:39:17+00:00","mainEntityOfPage":{"@id":"https:\/\/redincola.org\/una-mirada-dia-pobreza\/"},"wordCount":392,"publisher":{"@id":"https:\/\/redincola.org\/#organization"},"image":{"@id":"https:\/\/redincola.org\/una-mirada-dia-pobreza\/#primaryimage"},"thumbnailUrl":"https:\/\/redincola.org\/wp-content\/uploads\/2024\/10\/pexels-ingo-9816-scaled.jpg","keywords":["exclusi\u00f3n","pobreza"],"articleSection":["Noticias"],"inLanguage":"en-US"},{"@type":"WebPage","@id":"https:\/\/redincola.org\/una-mirada-dia-pobreza\/","url":"https:\/\/redincola.org\/una-mirada-dia-pobreza\/","name":"Una mirada a nuestro alrededor m\u00e1s all\u00e1 del d\u00eda a d\u00eda. - Red \u00cdncola","isPartOf":{"@id":"https:\/\/redincola.org\/#website"},"primaryImageOfPage":{"@id":"https:\/\/redincola.org\/una-mirada-dia-pobreza\/#primaryimage"},"image":{"@id":"https:\/\/redincola.org\/una-mirada-dia-pobreza\/#primaryimage"},"thumbnailUrl":"https:\/\/redincola.org\/wp-content\/uploads\/2024\/10\/pexels-ingo-9816-scaled.jpg","datePublished":"2024-10-18T15:34:20+00:00","dateModified":"2024-10-18T15:39:17+00:00","description":"Una de cada cinco personas, en Castilla y Le\u00f3n, se encuentra en riesgo de caer en situaci\u00f3n de pobreza y exclusi\u00f3n.","breadcrumb":{"@id":"https:\/\/redincola.org\/una-mirada-dia-pobreza\/#breadcrumb"},"inLanguage":"en-US","potentialAction":[{"@type":"ReadAction","target":["https:\/\/redincola.org\/una-mirada-dia-pobreza\/"]}]},{"@type":"ImageObject","inLanguage":"en-US","@id":"https:\/\/redincola.org\/una-mirada-dia-pobreza\/#primaryimage","url":"https:\/\/redincola.org\/wp-content\/uploads\/2024\/10\/pexels-ingo-9816-scaled.jpg","contentUrl":"https:\/\/redincola.org\/wp-content\/uploads\/2024\/10\/pexels-ingo-9816-scaled.jpg","width":2560,"height":1057,"caption":"Uno de cada 5 personas se encuentra en riesgo de pobreza."},{"@type":"BreadcrumbList","@id":"https:\/\/redincola.org\/una-mirada-dia-pobreza\/#breadcrumb","itemListElement":[{"@type":"ListItem","position":1,"name":"Portada","item":"https:\/\/redincola.org\/"},{"@type":"ListItem","position":2,"name":"Una mirada a nuestro alrededor m\u00e1s all\u00e1 del d\u00eda a d\u00eda."}]},{"@type":"WebSite","@id":"https:\/\/redincola.org\/#website","url":"https:\/\/redincola.org\/","name":"Red \u00cdncola","description":"nos inspira el humanismo cristiano","publisher":{"@id":"https:\/\/redincola.org\/#organization"},"potentialAction":[{"@type":"SearchAction","target":{"@type":"EntryPoint","urlTemplate":"https:\/\/redincola.org\/?s={search_term_string}"},"query-input":{"@type":"PropertyValueSpecification","valueRequired":true,"valueName":"search_term_string"}}],"inLanguage":"en-US"},{"@type":"Organization","@id":"https:\/\/redincola.org\/#organization","name":"Red \u00cdncola","url":"https:\/\/redincola.org\/","logo":{"@type":"ImageObject","inLanguage":"en-US","@id":"https:\/\/redincola.org\/#\/schema\/logo\/image\/","url":"https:\/\/redincola.org\/wp-content\/uploads\/2019\/07\/logo-fundacio\u0301n-red-incola.png","contentUrl":"https:\/\/redincola.org\/wp-content\/uploads\/2019\/07\/logo-fundacio\u0301n-red-incola.png","width":800,"height":145,"caption":"Red \u00cdncola"},"image":{"@id":"https:\/\/redincola.org\/#\/schema\/logo\/image\/"}},{"@type":"Person","@id":"https:\/\/redincola.org\/#\/schema\/person\/3c602f321cce7912c7b702a81fbaf475","name":"Eduardo Menchaca","image":{"@type":"ImageObject","inLanguage":"en-US","@id":"https:\/\/secure.gravatar.com\/avatar\/34d1373433165c1f04f6c2748a8a3ded1cd9723b53eddfc5f2a608f32ec5f04e?s=96&d=mm&r=g","url":"https:\/\/secure.gravatar.com\/avatar\/34d1373433165c1f04f6c2748a8a3ded1cd9723b53eddfc5f2a608f32ec5f04e?s=96&d=mm&r=g","contentUrl":"https:\/\/secure.gravatar.com\/avatar\/34d1373433165c1f04f6c2748a8a3ded1cd9723b53eddfc5f2a608f32ec5f04e?s=96&d=mm&r=g","caption":"Eduardo Menchaca"},"url":"https:\/\/redincola.org\/en\/author\/mencha\/"}]}},"_links":{"self":[{"href":"https:\/\/redincola.org\/en\/wp-json\/wp\/v2\/posts\/7918","targetHints":{"allow":["GET"]}}],"collection":[{"href":"https:\/\/redincola.org\/en\/wp-json\/wp\/v2\/posts"}],"about":[{"href":"https:\/\/redincola.org\/en\/wp-json\/wp\/v2\/types\/post"}],"author":[{"embeddable":true,"href":"https:\/\/redincola.org\/en\/wp-json\/wp\/v2\/users\/3"}],"replies":[{"embeddable":true,"href":"https:\/\/redincola.org\/en\/wp-json\/wp\/v2\/comments?post=7918"}],"version-history":[{"count":1,"href":"https:\/\/redincola.org\/en\/wp-json\/wp\/v2\/posts\/7918\/revisions"}],"predecessor-version":[{"id":7921,"href":"https:\/\/redincola.org\/en\/wp-json\/wp\/v2\/posts\/7918\/revisions\/7921"}],"wp:featuredmedia":[{"embeddable":true,"href":"https:\/\/redincola.org\/en\/wp-json\/wp\/v2\/media\/7919"}],"wp:attachment":[{"href":"https:\/\/redincola.org\/en\/wp-json\/wp\/v2\/media?parent=7918"}],"wp:term":[{"taxonomy":"category","embeddable":true,"href":"https:\/\/redincola.org\/en\/wp-json\/wp\/v2\/categories?post=7918"},{"taxonomy":"post_tag","embeddable":true,"href":"https:\/\/redincola.org\/en\/wp-json\/wp\/v2\/tags?post=7918"}],"curies":[{"name":"wp","href":"https:\/\/api.w.org\/{rel}","templated":true}]}}