{"id":8153,"date":"2025-02-10T09:50:47","date_gmt":"2025-02-10T08:50:47","guid":{"rendered":"https:\/\/redincola.org\/?p=8153"},"modified":"2025-02-14T10:09:41","modified_gmt":"2025-02-14T09:09:41","slug":"informe-proyecto-kleos-indicadores-de-trata-en-la-ue-en-menores-no-acompanados","status":"publish","type":"post","link":"https:\/\/redincola.org\/en\/informe-proyecto-kleos-indicadores-de-trata-en-la-ue-en-menores-no-acompanados\/","title":{"rendered":"Informe proyecto Kleos: indicadores de trata en la UE en menores no acompa\u00f1ados"},"content":{"rendered":"\n<p>Presentamos este informe del <a href=\"https:\/\/redincola.org\/kleos\/\" target=\"_blank\" rel=\"noreferrer noopener\">proyecto Kleos<\/a> (stuckintrafficking) en el que se ha realizado un an\u00e1lisis exhaustivo de la trata en los cinco pa\u00edses socios (Espa\u00f1a, Italia, Grecia, Ponolia y Estonia) y mejorar la eficacia del marco europeo en la lucha contra la misma. Estos pa\u00edses son estrat\u00e9gicamente importantes, ya que representan los principales puntos de entrada de extranjeros en la Uni\u00f3n Europea, lo que los convierte en nodos cr\u00edticos dentro del panorama de la trata en Europa. <\/p>\n\n\n\n<p>Este Informe analiza de forma concreta la situaci\u00f3n de los menores no acompa\u00f1ados y la situaci\u00f3n de los indicadores de trata en la UE. En una primera parte se han analizado perfiles de menores no acompa\u00f1ados y los diferentes sistemas de acogida; y en una segunda parte evaluar la eficacia de los actuales indicadores de trata a la luz de los \u00faltimos acontecimientos, valorando la necesidad de nuevos indicadores que reflejen mejor las complejidades de la trata moderna y ofreciendo recomendaciones de mejora. <\/p>\n\n\n\n<p><strong>DESCARGATE EL INFORME EN ESPA\u00d1OL: <\/strong><\/p>\n\n\n\n<div data-wp-interactive=\"core\/file\" class=\"wp-block-file\"><object data-wp-bind--hidden=\"!state.hasPdfPreview\" hidden class=\"wp-block-file__embed\" data=\"https:\/\/redincola.org\/wp-content\/uploads\/2025\/02\/KLEOS-entregable-final.pdf\" type=\"application\/pdf\" style=\"width:100%;height:474px\" aria-label=\"Embed of Informe KLEOS.\"><\/object><a id=\"wp-block-file--media-a81d0394-9afb-4cea-9559-40900d645a34\" href=\"https:\/\/redincola.org\/wp-content\/uploads\/2025\/02\/KLEOS-entregable-final.pdf\" target=\"_blank\" rel=\"noreferrer noopener\">Informe KLEOS<\/a><a href=\"https:\/\/redincola.org\/wp-content\/uploads\/2025\/02\/KLEOS-entregable-final.pdf\" class=\"wp-block-file__button wp-element-button\" download aria-describedby=\"wp-block-file--media-a81d0394-9afb-4cea-9559-40900d645a34\">Descarga<\/a><\/div>\n\n\n\n<p>Este informe se ha elaborado en el marco de la ejecuci\u00f3n del proyecto Kleos &#8211; Fortalecimiento de las capacidades y las redes ante el nuevo escenario del THB &#8211; y ha sido cofinanciado por la Comisi\u00f3n Europea. <\/p>\n\n\n\n<p> <\/p>\n\n\n\n<p><\/p>\n","protected":false},"excerpt":{"rendered":"<p>Presentamos este informe del proyecto Kleos (stuckintrafficking) en el que se ha realizado un an\u00e1lisis exhaustivo de la trata en los cinco pa\u00edses socios (Espa\u00f1a, Italia, Grecia, Ponolia y Estonia) y mejorar la eficacia del marco europeo en la lucha contra la misma. Estos pa\u00edses son estrat\u00e9gicamente importantes, ya que representan los principales puntos de [&hellip;]<\/p>\n","protected":false},"author":2,"featured_media":8156,"comment_status":"closed","ping_status":"closed","sticky":false,"template":"","format":"standard","meta":{"footnotes":""},"categories":[29,28],"tags":[330,58,222,345],"class_list":["post-8153","post","type-post","status-publish","format-standard","has-post-thumbnail","hentry","category-campanas","category-noticias","tag-kleos","tag-migrantes","tag-proyecto-europeo","tag-trata-de-personas"],"yoast_head":"<!-- This site is optimized with the Yoast SEO plugin v27.4 - https:\/\/yoast.com\/product\/yoast-seo-wordpress\/ -->\n<title>Informe proyecto Kleos: indicadores de trata en la UE en menores no acompa\u00f1ados - Red \u00cdncola<\/title>\n<meta name=\"robots\" content=\"index, follow, max-snippet:-1, max-image-preview:large, max-video-preview:-1\" \/>\n<link rel=\"canonical\" href=\"https:\/\/redincola.org\/informe-proyecto-kleos-indicadores-de-trata-en-la-ue-en-menores-no-acompanados\/\" \/>\n<meta property=\"og:locale\" content=\"en_US\" \/>\n<meta property=\"og:type\" content=\"article\" \/>\n<meta property=\"og:title\" content=\"Informe proyecto Kleos: indicadores de trata en la UE en menores no acompa\u00f1ados - Red \u00cdncola\" \/>\n<meta property=\"og:description\" content=\"Presentamos este informe del proyecto Kleos (stuckintrafficking) en el que se ha realizado un an\u00e1lisis exhaustivo de la trata en los cinco pa\u00edses socios (Espa\u00f1a, Italia, Grecia, Ponolia y Estonia) y mejorar la eficacia del marco europeo en la lucha contra la misma. Estos pa\u00edses son estrat\u00e9gicamente importantes, ya que representan los principales puntos de [&hellip;]\" \/>\n<meta property=\"og:url\" content=\"https:\/\/redincola.org\/informe-proyecto-kleos-indicadores-de-trata-en-la-ue-en-menores-no-acompanados\/\" \/>\n<meta property=\"og:site_name\" content=\"Red \u00cdncola\" \/>\n<meta property=\"article:published_time\" content=\"2025-02-10T08:50:47+00:00\" \/>\n<meta property=\"article:modified_time\" content=\"2025-02-14T09:09:41+00:00\" \/>\n<meta property=\"og:image\" content=\"https:\/\/redincola.org\/wp-content\/uploads\/2025\/02\/Kleos-informe.jpg\" \/>\n\t<meta property=\"og:image:width\" content=\"776\" \/>\n\t<meta property=\"og:image:height\" content=\"481\" \/>\n\t<meta property=\"og:image:type\" content=\"image\/jpeg\" \/>\n<meta name=\"author\" content=\"Silvia\" \/>\n<meta name=\"twitter:card\" content=\"summary_large_image\" \/>\n<meta name=\"twitter:label1\" content=\"Written by\" \/>\n\t<meta name=\"twitter:data1\" content=\"Silvia\" \/>\n\t<meta name=\"twitter:label2\" content=\"Est. reading time\" \/>\n\t<meta name=\"twitter:data2\" content=\"2 minutes\" \/>\n<script type=\"application\/ld+json\" class=\"yoast-schema-graph\">{\"@context\":\"https:\\\/\\\/schema.org\",\"@graph\":[{\"@type\":\"Article\",\"@id\":\"https:\\\/\\\/redincola.org\\\/informe-proyecto-kleos-indicadores-de-trata-en-la-ue-en-menores-no-acompanados\\\/#article\",\"isPartOf\":{\"@id\":\"https:\\\/\\\/redincola.org\\\/informe-proyecto-kleos-indicadores-de-trata-en-la-ue-en-menores-no-acompanados\\\/\"},\"author\":{\"name\":\"Silvia\",\"@id\":\"https:\\\/\\\/redincola.org\\\/#\\\/schema\\\/person\\\/5de58cd041e93847148ecf1b5adc86e0\"},\"headline\":\"Informe proyecto Kleos: indicadores de trata en la UE en menores no acompa\u00f1ados\",\"datePublished\":\"2025-02-10T08:50:47+00:00\",\"dateModified\":\"2025-02-14T09:09:41+00:00\",\"mainEntityOfPage\":{\"@id\":\"https:\\\/\\\/redincola.org\\\/informe-proyecto-kleos-indicadores-de-trata-en-la-ue-en-menores-no-acompanados\\\/\"},\"wordCount\":233,\"publisher\":{\"@id\":\"https:\\\/\\\/redincola.org\\\/#organization\"},\"image\":{\"@id\":\"https:\\\/\\\/redincola.org\\\/informe-proyecto-kleos-indicadores-de-trata-en-la-ue-en-menores-no-acompanados\\\/#primaryimage\"},\"thumbnailUrl\":\"https:\\\/\\\/redincola.org\\\/wp-content\\\/uploads\\\/2025\\\/02\\\/Kleos-informe.jpg\",\"keywords\":[\"kleos\",\"migrantes\",\"proyecto europeo\",\"trata de personas\"],\"articleSection\":[\"Campa\u00f1as\",\"Noticias\"],\"inLanguage\":\"en-US\"},{\"@type\":\"WebPage\",\"@id\":\"https:\\\/\\\/redincola.org\\\/informe-proyecto-kleos-indicadores-de-trata-en-la-ue-en-menores-no-acompanados\\\/\",\"url\":\"https:\\\/\\\/redincola.org\\\/informe-proyecto-kleos-indicadores-de-trata-en-la-ue-en-menores-no-acompanados\\\/\",\"name\":\"Informe proyecto Kleos: indicadores de trata en la UE en menores no acompa\u00f1ados - Red \u00cdncola\",\"isPartOf\":{\"@id\":\"https:\\\/\\\/redincola.org\\\/#website\"},\"primaryImageOfPage\":{\"@id\":\"https:\\\/\\\/redincola.org\\\/informe-proyecto-kleos-indicadores-de-trata-en-la-ue-en-menores-no-acompanados\\\/#primaryimage\"},\"image\":{\"@id\":\"https:\\\/\\\/redincola.org\\\/informe-proyecto-kleos-indicadores-de-trata-en-la-ue-en-menores-no-acompanados\\\/#primaryimage\"},\"thumbnailUrl\":\"https:\\\/\\\/redincola.org\\\/wp-content\\\/uploads\\\/2025\\\/02\\\/Kleos-informe.jpg\",\"datePublished\":\"2025-02-10T08:50:47+00:00\",\"dateModified\":\"2025-02-14T09:09:41+00:00\",\"breadcrumb\":{\"@id\":\"https:\\\/\\\/redincola.org\\\/informe-proyecto-kleos-indicadores-de-trata-en-la-ue-en-menores-no-acompanados\\\/#breadcrumb\"},\"inLanguage\":\"en-US\",\"potentialAction\":[{\"@type\":\"ReadAction\",\"target\":[\"https:\\\/\\\/redincola.org\\\/informe-proyecto-kleos-indicadores-de-trata-en-la-ue-en-menores-no-acompanados\\\/\"]}]},{\"@type\":\"ImageObject\",\"inLanguage\":\"en-US\",\"@id\":\"https:\\\/\\\/redincola.org\\\/informe-proyecto-kleos-indicadores-de-trata-en-la-ue-en-menores-no-acompanados\\\/#primaryimage\",\"url\":\"https:\\\/\\\/redincola.org\\\/wp-content\\\/uploads\\\/2025\\\/02\\\/Kleos-informe.jpg\",\"contentUrl\":\"https:\\\/\\\/redincola.org\\\/wp-content\\\/uploads\\\/2025\\\/02\\\/Kleos-informe.jpg\",\"width\":776,\"height\":481},{\"@type\":\"BreadcrumbList\",\"@id\":\"https:\\\/\\\/redincola.org\\\/informe-proyecto-kleos-indicadores-de-trata-en-la-ue-en-menores-no-acompanados\\\/#breadcrumb\",\"itemListElement\":[{\"@type\":\"ListItem\",\"position\":1,\"name\":\"Portada\",\"item\":\"https:\\\/\\\/redincola.org\\\/\"},{\"@type\":\"ListItem\",\"position\":2,\"name\":\"Informe proyecto Kleos: indicadores de trata en la UE en menores no acompa\u00f1ados\"}]},{\"@type\":\"WebSite\",\"@id\":\"https:\\\/\\\/redincola.org\\\/#website\",\"url\":\"https:\\\/\\\/redincola.org\\\/\",\"name\":\"Red \u00cdncola\",\"description\":\"nos inspira el humanismo cristiano\",\"publisher\":{\"@id\":\"https:\\\/\\\/redincola.org\\\/#organization\"},\"potentialAction\":[{\"@type\":\"SearchAction\",\"target\":{\"@type\":\"EntryPoint\",\"urlTemplate\":\"https:\\\/\\\/redincola.org\\\/?s={search_term_string}\"},\"query-input\":{\"@type\":\"PropertyValueSpecification\",\"valueRequired\":true,\"valueName\":\"search_term_string\"}}],\"inLanguage\":\"en-US\"},{\"@type\":\"Organization\",\"@id\":\"https:\\\/\\\/redincola.org\\\/#organization\",\"name\":\"Red \u00cdncola\",\"url\":\"https:\\\/\\\/redincola.org\\\/\",\"logo\":{\"@type\":\"ImageObject\",\"inLanguage\":\"en-US\",\"@id\":\"https:\\\/\\\/redincola.org\\\/#\\\/schema\\\/logo\\\/image\\\/\",\"url\":\"https:\\\/\\\/redincola.org\\\/wp-content\\\/uploads\\\/2019\\\/07\\\/logo-fundacio\u0301n-red-incola.png\",\"contentUrl\":\"https:\\\/\\\/redincola.org\\\/wp-content\\\/uploads\\\/2019\\\/07\\\/logo-fundacio\u0301n-red-incola.png\",\"width\":800,\"height\":145,\"caption\":\"Red \u00cdncola\"},\"image\":{\"@id\":\"https:\\\/\\\/redincola.org\\\/#\\\/schema\\\/logo\\\/image\\\/\"}},{\"@type\":\"Person\",\"@id\":\"https:\\\/\\\/redincola.org\\\/#\\\/schema\\\/person\\\/5de58cd041e93847148ecf1b5adc86e0\",\"name\":\"Silvia\",\"image\":{\"@type\":\"ImageObject\",\"inLanguage\":\"en-US\",\"@id\":\"https:\\\/\\\/secure.gravatar.com\\\/avatar\\\/0da8c1efa10d8a584d86943c52f6cd925057e7d849d1c0d58bb11a4bfa85cff0?s=96&d=mm&r=g\",\"url\":\"https:\\\/\\\/secure.gravatar.com\\\/avatar\\\/0da8c1efa10d8a584d86943c52f6cd925057e7d849d1c0d58bb11a4bfa85cff0?s=96&d=mm&r=g\",\"contentUrl\":\"https:\\\/\\\/secure.gravatar.com\\\/avatar\\\/0da8c1efa10d8a584d86943c52f6cd925057e7d849d1c0d58bb11a4bfa85cff0?s=96&d=mm&r=g\",\"caption\":\"Silvia\"},\"url\":\"https:\\\/\\\/redincola.org\\\/en\\\/author\\\/silvia\\\/\"}]}<\/script>\n<!-- \/ Yoast SEO plugin. -->","yoast_head_json":{"title":"Informe proyecto Kleos: indicadores de trata en la UE en menores no acompa\u00f1ados - Red \u00cdncola","robots":{"index":"index","follow":"follow","max-snippet":"max-snippet:-1","max-image-preview":"max-image-preview:large","max-video-preview":"max-video-preview:-1"},"canonical":"https:\/\/redincola.org\/informe-proyecto-kleos-indicadores-de-trata-en-la-ue-en-menores-no-acompanados\/","og_locale":"en_US","og_type":"article","og_title":"Informe proyecto Kleos: indicadores de trata en la UE en menores no acompa\u00f1ados - Red \u00cdncola","og_description":"Presentamos este informe del proyecto Kleos (stuckintrafficking) en el que se ha realizado un an\u00e1lisis exhaustivo de la trata en los cinco pa\u00edses socios (Espa\u00f1a, Italia, Grecia, Ponolia y Estonia) y mejorar la eficacia del marco europeo en la lucha contra la misma. Estos pa\u00edses son estrat\u00e9gicamente importantes, ya que representan los principales puntos de [&hellip;]","og_url":"https:\/\/redincola.org\/informe-proyecto-kleos-indicadores-de-trata-en-la-ue-en-menores-no-acompanados\/","og_site_name":"Red \u00cdncola","article_published_time":"2025-02-10T08:50:47+00:00","article_modified_time":"2025-02-14T09:09:41+00:00","og_image":[{"width":776,"height":481,"url":"https:\/\/redincola.org\/wp-content\/uploads\/2025\/02\/Kleos-informe.jpg","type":"image\/jpeg"}],"author":"Silvia","twitter_card":"summary_large_image","twitter_misc":{"Written by":"Silvia","Est. reading time":"2 minutes"},"schema":{"@context":"https:\/\/schema.org","@graph":[{"@type":"Article","@id":"https:\/\/redincola.org\/informe-proyecto-kleos-indicadores-de-trata-en-la-ue-en-menores-no-acompanados\/#article","isPartOf":{"@id":"https:\/\/redincola.org\/informe-proyecto-kleos-indicadores-de-trata-en-la-ue-en-menores-no-acompanados\/"},"author":{"name":"Silvia","@id":"https:\/\/redincola.org\/#\/schema\/person\/5de58cd041e93847148ecf1b5adc86e0"},"headline":"Informe proyecto Kleos: indicadores de trata en la UE en menores no acompa\u00f1ados","datePublished":"2025-02-10T08:50:47+00:00","dateModified":"2025-02-14T09:09:41+00:00","mainEntityOfPage":{"@id":"https:\/\/redincola.org\/informe-proyecto-kleos-indicadores-de-trata-en-la-ue-en-menores-no-acompanados\/"},"wordCount":233,"publisher":{"@id":"https:\/\/redincola.org\/#organization"},"image":{"@id":"https:\/\/redincola.org\/informe-proyecto-kleos-indicadores-de-trata-en-la-ue-en-menores-no-acompanados\/#primaryimage"},"thumbnailUrl":"https:\/\/redincola.org\/wp-content\/uploads\/2025\/02\/Kleos-informe.jpg","keywords":["kleos","migrantes","proyecto europeo","trata de personas"],"articleSection":["Campa\u00f1as","Noticias"],"inLanguage":"en-US"},{"@type":"WebPage","@id":"https:\/\/redincola.org\/informe-proyecto-kleos-indicadores-de-trata-en-la-ue-en-menores-no-acompanados\/","url":"https:\/\/redincola.org\/informe-proyecto-kleos-indicadores-de-trata-en-la-ue-en-menores-no-acompanados\/","name":"Informe proyecto Kleos: indicadores de trata en la UE en menores no acompa\u00f1ados - Red \u00cdncola","isPartOf":{"@id":"https:\/\/redincola.org\/#website"},"primaryImageOfPage":{"@id":"https:\/\/redincola.org\/informe-proyecto-kleos-indicadores-de-trata-en-la-ue-en-menores-no-acompanados\/#primaryimage"},"image":{"@id":"https:\/\/redincola.org\/informe-proyecto-kleos-indicadores-de-trata-en-la-ue-en-menores-no-acompanados\/#primaryimage"},"thumbnailUrl":"https:\/\/redincola.org\/wp-content\/uploads\/2025\/02\/Kleos-informe.jpg","datePublished":"2025-02-10T08:50:47+00:00","dateModified":"2025-02-14T09:09:41+00:00","breadcrumb":{"@id":"https:\/\/redincola.org\/informe-proyecto-kleos-indicadores-de-trata-en-la-ue-en-menores-no-acompanados\/#breadcrumb"},"inLanguage":"en-US","potentialAction":[{"@type":"ReadAction","target":["https:\/\/redincola.org\/informe-proyecto-kleos-indicadores-de-trata-en-la-ue-en-menores-no-acompanados\/"]}]},{"@type":"ImageObject","inLanguage":"en-US","@id":"https:\/\/redincola.org\/informe-proyecto-kleos-indicadores-de-trata-en-la-ue-en-menores-no-acompanados\/#primaryimage","url":"https:\/\/redincola.org\/wp-content\/uploads\/2025\/02\/Kleos-informe.jpg","contentUrl":"https:\/\/redincola.org\/wp-content\/uploads\/2025\/02\/Kleos-informe.jpg","width":776,"height":481},{"@type":"BreadcrumbList","@id":"https:\/\/redincola.org\/informe-proyecto-kleos-indicadores-de-trata-en-la-ue-en-menores-no-acompanados\/#breadcrumb","itemListElement":[{"@type":"ListItem","position":1,"name":"Portada","item":"https:\/\/redincola.org\/"},{"@type":"ListItem","position":2,"name":"Informe proyecto Kleos: indicadores de trata en la UE en menores no acompa\u00f1ados"}]},{"@type":"WebSite","@id":"https:\/\/redincola.org\/#website","url":"https:\/\/redincola.org\/","name":"Red \u00cdncola","description":"nos inspira el humanismo cristiano","publisher":{"@id":"https:\/\/redincola.org\/#organization"},"potentialAction":[{"@type":"SearchAction","target":{"@type":"EntryPoint","urlTemplate":"https:\/\/redincola.org\/?s={search_term_string}"},"query-input":{"@type":"PropertyValueSpecification","valueRequired":true,"valueName":"search_term_string"}}],"inLanguage":"en-US"},{"@type":"Organization","@id":"https:\/\/redincola.org\/#organization","name":"Red \u00cdncola","url":"https:\/\/redincola.org\/","logo":{"@type":"ImageObject","inLanguage":"en-US","@id":"https:\/\/redincola.org\/#\/schema\/logo\/image\/","url":"https:\/\/redincola.org\/wp-content\/uploads\/2019\/07\/logo-fundacio\u0301n-red-incola.png","contentUrl":"https:\/\/redincola.org\/wp-content\/uploads\/2019\/07\/logo-fundacio\u0301n-red-incola.png","width":800,"height":145,"caption":"Red \u00cdncola"},"image":{"@id":"https:\/\/redincola.org\/#\/schema\/logo\/image\/"}},{"@type":"Person","@id":"https:\/\/redincola.org\/#\/schema\/person\/5de58cd041e93847148ecf1b5adc86e0","name":"Silvia","image":{"@type":"ImageObject","inLanguage":"en-US","@id":"https:\/\/secure.gravatar.com\/avatar\/0da8c1efa10d8a584d86943c52f6cd925057e7d849d1c0d58bb11a4bfa85cff0?s=96&d=mm&r=g","url":"https:\/\/secure.gravatar.com\/avatar\/0da8c1efa10d8a584d86943c52f6cd925057e7d849d1c0d58bb11a4bfa85cff0?s=96&d=mm&r=g","contentUrl":"https:\/\/secure.gravatar.com\/avatar\/0da8c1efa10d8a584d86943c52f6cd925057e7d849d1c0d58bb11a4bfa85cff0?s=96&d=mm&r=g","caption":"Silvia"},"url":"https:\/\/redincola.org\/en\/author\/silvia\/"}]}},"_links":{"self":[{"href":"https:\/\/redincola.org\/en\/wp-json\/wp\/v2\/posts\/8153","targetHints":{"allow":["GET"]}}],"collection":[{"href":"https:\/\/redincola.org\/en\/wp-json\/wp\/v2\/posts"}],"about":[{"href":"https:\/\/redincola.org\/en\/wp-json\/wp\/v2\/types\/post"}],"author":[{"embeddable":true,"href":"https:\/\/redincola.org\/en\/wp-json\/wp\/v2\/users\/2"}],"replies":[{"embeddable":true,"href":"https:\/\/redincola.org\/en\/wp-json\/wp\/v2\/comments?post=8153"}],"version-history":[{"count":1,"href":"https:\/\/redincola.org\/en\/wp-json\/wp\/v2\/posts\/8153\/revisions"}],"predecessor-version":[{"id":8158,"href":"https:\/\/redincola.org\/en\/wp-json\/wp\/v2\/posts\/8153\/revisions\/8158"}],"wp:featuredmedia":[{"embeddable":true,"href":"https:\/\/redincola.org\/en\/wp-json\/wp\/v2\/media\/8156"}],"wp:attachment":[{"href":"https:\/\/redincola.org\/en\/wp-json\/wp\/v2\/media?parent=8153"}],"wp:term":[{"taxonomy":"category","embeddable":true,"href":"https:\/\/redincola.org\/en\/wp-json\/wp\/v2\/categories?post=8153"},{"taxonomy":"post_tag","embeddable":true,"href":"https:\/\/redincola.org\/en\/wp-json\/wp\/v2\/tags?post=8153"}],"curies":[{"name":"wp","href":"https:\/\/api.w.org\/{rel}","templated":true}]}}