{"id":9403,"date":"2026-08-30T09:00:00","date_gmt":"2026-08-30T08:00:00","guid":{"rendered":"https:\/\/redincola.org\/?p=9403"},"modified":"2026-08-28T13:40:53","modified_gmt":"2026-08-28T12:40:53","slug":"comenzamos-el-curso","status":"publish","type":"post","link":"https:\/\/redincola.org\/en\/comenzamos-el-curso\/","title":{"rendered":"\u00a1Comenzamos el curso!"},"content":{"rendered":"\t\t<div data-elementor-type=\"wp-post\" data-elementor-id=\"9403\" class=\"elementor elementor-9403\" data-elementor-post-type=\"post\">\n\t\t\t\t\t\t<section class=\"elementor-section elementor-top-section elementor-element elementor-element-2f3faf41 elementor-section-boxed elementor-section-height-default elementor-section-height-default\" data-id=\"2f3faf41\" data-element_type=\"section\" data-e-type=\"section\">\n\t\t\t\t\t\t<div class=\"elementor-container elementor-column-gap-default\">\n\t\t\t\t\t<div class=\"elementor-column elementor-col-100 elementor-top-column elementor-element elementor-element-5874ad11\" data-id=\"5874ad11\" data-element_type=\"column\" data-e-type=\"column\">\n\t\t\t<div class=\"elementor-widget-wrap elementor-element-populated\">\n\t\t\t\t\t\t<div class=\"elementor-element elementor-element-5bbb0c76 elementor-widget elementor-widget-text-editor\" data-id=\"5bbb0c76\" data-element_type=\"widget\" data-e-type=\"widget\" data-widget_type=\"text-editor.default\">\n\t\t\t\t<div class=\"elementor-widget-container\">\n\t\t\t\t\t\t\t\t\t\n<p>Comenzamos el curso escuchando la llamada a acoger a los m\u00e1s peque\u00f1os: \u00abIncluso uno solo de estos peque\u00f1os\u00bb<\/p>\n\n<p>Con el arranque de septiembre y el inicio del nuevo curso educativo, renovamos nuestro compromiso diario al servicio de las personas migrantes y refugiadas. Este a\u00f1o, nuestra puesta en marcha va de la mano con el mensaje del papa Le\u00f3n XIV para la 112\u00aa Jornada Mundial del Migrante y del Refugiado, cuyo lema nos interpela directamente: <em>\u00abIncluso uno solo de estos peque\u00f1os\u00bb<\/em>.<\/p>\n\n<p>En su mensaje, el pont\u00edfice centra la atenci\u00f3n en la realidad m\u00e1s vulnerable de las rutas migratorias: la infancia y la juventud. Ni\u00f1os, ni\u00f1as y adolescentes que se ven obligados a abandonar sus hogares por situaciones de conflicto, pobreza o violencia, y que en su camino sufren la p\u00e9rdida de sus entornos de protecci\u00f3n, la interrupci\u00f3n de sus estudios o el trauma de la distancia familiar.<\/p>\n\n<p class=\"has-text-align-center has-vivid-cyan-blue-color has-text-color has-link-color\">Frente a esta realidad, el mensaje papal es rotundo:<\/p>\n\n<p class=\"has-text-align-center has-vivid-cyan-blue-color has-text-color has-link-color\"><em>\u00abEl que acoge a un ni\u00f1o como este en mi nombre, me acoge a m\u00ed\u00bb<\/em>.<\/p>\n\n<p>Desde Red Incola, al iniciar este curso escolar y nuestros programas de apoyo socioeducativo, atenci\u00f3n a familias y orientaci\u00f3n integral, asumimos este llamamiento no como un concepto abstracto, sino como una pr\u00e1ctica diaria de acogida.<\/p>\n\n<p>Nuestra misi\u00f3n para los pr\u00f3ximos meses seguir\u00e1 siendo acompa\u00f1ar a las familias, ofrecer espacios seguros donde la infancia pueda crecer y formarse, y tejer redes comunitarias donde la integraci\u00f3n y la amistad superen cualquier frontera o barrera social. Como nos invita la Iglesia y la propia justicia humana, este curso volemos a situar el inter\u00e9s superior del menor y la dignidad de las personas en el centro de nuestra labor.<\/p>\n\n<p>Comenzamos este camino con ilusi\u00f3n, agradeciendo a todo el equipo t\u00e9cnico, a las personas voluntarias, a las instituciones y a la comunidad que hacen posible que en Valladolid ning\u00fan &#8220;peque\u00f1o&#8221; ni ninguna familia se sientan invisibles o en soledad.<\/p>\n\n<p>\u00a0<\/p>\n\t\t\t\t\t\t\t\t<\/div>\n\t\t\t\t<\/div>\n\t\t\t\t\t<\/div>\n\t\t<\/div>\n\t\t\t\t\t<\/div>\n\t\t<\/section>\n\t\t\t\t<section class=\"elementor-section elementor-top-section elementor-element elementor-element-c03b493 elementor-section-boxed elementor-section-height-default elementor-section-height-default\" data-id=\"c03b493\" data-element_type=\"section\" data-e-type=\"section\">\n\t\t\t\t\t\t<div class=\"elementor-container elementor-column-gap-default\">\n\t\t\t\t\t<div class=\"elementor-column elementor-col-100 elementor-top-column elementor-element elementor-element-88e2179\" data-id=\"88e2179\" data-element_type=\"column\" data-e-type=\"column\">\n\t\t\t<div class=\"elementor-widget-wrap elementor-element-populated\">\n\t\t\t\t\t\t<div class=\"elementor-element elementor-element-5c6e192 elementor-widget elementor-widget-text-editor\" data-id=\"5c6e192\" data-element_type=\"widget\" data-e-type=\"widget\" data-widget_type=\"text-editor.default\">\n\t\t\t\t<div class=\"elementor-widget-container\">\n\t\t\t\t\t\t\t\t\t<p>Te gustar\u00eda colaborar comenzar el curso de forma solidaria?<br \/>Apoya el programa de becas escolares y difunde: <a href=\"https:\/\/becasredincola.org\/\" target=\"_blank\" rel=\"noopener\">https:\/\/becasredincola.org\/<\/a><\/p>\n<p>\u00a0<\/p>\t\t\t\t\t\t\t\t<\/div>\n\t\t\t\t<\/div>\n\t\t\t\t\t<\/div>\n\t\t<\/div>\n\t\t\t\t\t<\/div>\n\t\t<\/section>\n\t\t\t\t<section class=\"elementor-section elementor-top-section elementor-element elementor-element-8f81b2e elementor-section-boxed elementor-section-height-default elementor-section-height-default\" data-id=\"8f81b2e\" data-element_type=\"section\" data-e-type=\"section\">\n\t\t\t\t\t\t<div class=\"elementor-container elementor-column-gap-default\">\n\t\t\t\t\t<div class=\"elementor-column elementor-col-100 elementor-top-column elementor-element elementor-element-7a3c962\" data-id=\"7a3c962\" data-element_type=\"column\" data-e-type=\"column\">\n\t\t\t<div class=\"elementor-widget-wrap\">\n\t\t\t\t\t\t\t<\/div>\n\t\t<\/div>\n\t\t\t\t\t<\/div>\n\t\t<\/section>\n\t\t\t\t<\/div>\n\t\t","protected":false},"excerpt":{"rendered":"<p>Comenzamos el curso escuchando la llamada a acoger a los m\u00e1s peque\u00f1os: \u00abIncluso uno solo de estos peque\u00f1os\u00bb Con el arranque de septiembre y el inicio del nuevo curso educativo, renovamos nuestro compromiso diario al servicio de las personas migrantes y refugiadas. Este a\u00f1o, nuestra puesta en marcha va de la mano con el mensaje [&hellip;]<\/p>\n","protected":false},"author":5,"featured_media":9405,"comment_status":"closed","ping_status":"open","sticky":false,"template":"","format":"standard","meta":{"footnotes":""},"categories":[1],"tags":[411,413,57,412,410],"class_list":["post-9403","post","type-post","status-publish","format-standard","has-post-thumbnail","hentry","category-sin-categorizar","tag-comienzodecurso","tag-culturadelencuentro","tag-hospitalidad","tag-infanciamigrante","tag-redincola"],"yoast_head":"<!-- This site is optimized with the Yoast SEO plugin v28.2 - https:\/\/yoast.com\/product\/yoast-seo-wordpress\/ -->\n<title>\u00a1Comenzamos el curso! - Red \u00cdncola<\/title>\n<meta name=\"description\" content=\"Nuevo curso inspirado por el mensaje del Papa. Apoyamos la acogida y formaci\u00f3n de la infancia y juventud migrante. \u00a1Descubre c\u00f3mo colaborar!\" \/>\n<meta name=\"robots\" content=\"index, follow, max-snippet:-1, max-image-preview:large, max-video-preview:-1\" \/>\n<link rel=\"canonical\" href=\"https:\/\/redincola.org\/comenzamos-el-curso\/\" \/>\n<meta property=\"og:locale\" content=\"en_US\" \/>\n<meta property=\"og:type\" content=\"article\" \/>\n<meta property=\"og:title\" content=\"\u00a1Comenzamos el curso! - Red \u00cdncola\" \/>\n<meta property=\"og:description\" content=\"Nuevo curso inspirado por el mensaje del Papa. Apoyamos la acogida y formaci\u00f3n de la infancia y juventud migrante. \u00a1Descubre c\u00f3mo colaborar!\" \/>\n<meta property=\"og:url\" content=\"https:\/\/redincola.org\/comenzamos-el-curso\/\" \/>\n<meta property=\"og:site_name\" content=\"Red \u00cdncola\" \/>\n<meta property=\"article:published_time\" content=\"2026-08-30T08:00:00+00:00\" \/>\n<meta property=\"og:image\" content=\"https:\/\/redincola.org\/wp-content\/uploads\/2026\/08\/4afefabd-5599-4648-bdfd-383d94f5ec66-scaled-e1787739559488.jpg\" \/>\n\t<meta property=\"og:image:width\" content=\"2052\" \/>\n\t<meta property=\"og:image:height\" content=\"1037\" \/>\n\t<meta property=\"og:image:type\" content=\"image\/jpeg\" \/>\n<meta name=\"author\" content=\"In\u00e9s\" \/>\n<meta name=\"twitter:card\" content=\"summary_large_image\" \/>\n<meta name=\"twitter:label1\" content=\"Written by\" \/>\n\t<meta name=\"twitter:data1\" content=\"In\u00e9s\" \/>\n\t<meta name=\"twitter:label2\" content=\"Est. reading time\" \/>\n\t<meta name=\"twitter:data2\" content=\"2 minutes\" \/>\n<script type=\"application\/ld+json\" class=\"yoast-schema-graph\">{\"@context\":\"https:\\\/\\\/schema.org\",\"@graph\":[{\"@type\":\"Article\",\"@id\":\"https:\\\/\\\/redincola.org\\\/comenzamos-el-curso\\\/#article\",\"isPartOf\":{\"@id\":\"https:\\\/\\\/redincola.org\\\/comenzamos-el-curso\\\/\"},\"author\":{\"name\":\"In\u00e9s\",\"@id\":\"https:\\\/\\\/redincola.org\\\/#\\\/schema\\\/person\\\/c8939e575b352883be6d253924d9d702\"},\"headline\":\"\u00a1Comenzamos el curso!\",\"datePublished\":\"2026-08-30T08:00:00+00:00\",\"mainEntityOfPage\":{\"@id\":\"https:\\\/\\\/redincola.org\\\/comenzamos-el-curso\\\/\"},\"wordCount\":364,\"publisher\":{\"@id\":\"https:\\\/\\\/redincola.org\\\/#organization\"},\"image\":{\"@id\":\"https:\\\/\\\/redincola.org\\\/comenzamos-el-curso\\\/#primaryimage\"},\"thumbnailUrl\":\"https:\\\/\\\/redincola.org\\\/wp-content\\\/uploads\\\/2026\\\/08\\\/4afefabd-5599-4648-bdfd-383d94f5ec66-scaled-e1787739559488.jpg\",\"keywords\":[\"Comienzodecurso\",\"culturadelencuentro\",\"hospitalidad\",\"infanciamigrante\",\"Red\u00cdncola\"],\"articleSection\":[\"Sin categorizar\"],\"inLanguage\":\"en-US\"},{\"@type\":\"WebPage\",\"@id\":\"https:\\\/\\\/redincola.org\\\/comenzamos-el-curso\\\/\",\"url\":\"https:\\\/\\\/redincola.org\\\/comenzamos-el-curso\\\/\",\"name\":\"\u00a1Comenzamos el curso! - Red \u00cdncola\",\"isPartOf\":{\"@id\":\"https:\\\/\\\/redincola.org\\\/#website\"},\"primaryImageOfPage\":{\"@id\":\"https:\\\/\\\/redincola.org\\\/comenzamos-el-curso\\\/#primaryimage\"},\"image\":{\"@id\":\"https:\\\/\\\/redincola.org\\\/comenzamos-el-curso\\\/#primaryimage\"},\"thumbnailUrl\":\"https:\\\/\\\/redincola.org\\\/wp-content\\\/uploads\\\/2026\\\/08\\\/4afefabd-5599-4648-bdfd-383d94f5ec66-scaled-e1787739559488.jpg\",\"datePublished\":\"2026-08-30T08:00:00+00:00\",\"description\":\"Nuevo curso inspirado por el mensaje del Papa. Apoyamos la acogida y formaci\u00f3n de la infancia y juventud migrante. \u00a1Descubre c\u00f3mo colaborar!\",\"breadcrumb\":{\"@id\":\"https:\\\/\\\/redincola.org\\\/comenzamos-el-curso\\\/#breadcrumb\"},\"inLanguage\":\"en-US\",\"potentialAction\":[{\"@type\":\"ReadAction\",\"target\":[\"https:\\\/\\\/redincola.org\\\/comenzamos-el-curso\\\/\"]}]},{\"@type\":\"ImageObject\",\"inLanguage\":\"en-US\",\"@id\":\"https:\\\/\\\/redincola.org\\\/comenzamos-el-curso\\\/#primaryimage\",\"url\":\"https:\\\/\\\/redincola.org\\\/wp-content\\\/uploads\\\/2026\\\/08\\\/4afefabd-5599-4648-bdfd-383d94f5ec66-scaled-e1787739559488.jpg\",\"contentUrl\":\"https:\\\/\\\/redincola.org\\\/wp-content\\\/uploads\\\/2026\\\/08\\\/4afefabd-5599-4648-bdfd-383d94f5ec66-scaled-e1787739559488.jpg\",\"width\":2052,\"height\":1037},{\"@type\":\"BreadcrumbList\",\"@id\":\"https:\\\/\\\/redincola.org\\\/comenzamos-el-curso\\\/#breadcrumb\",\"itemListElement\":[{\"@type\":\"ListItem\",\"position\":1,\"name\":\"Portada\",\"item\":\"https:\\\/\\\/redincola.org\\\/\"},{\"@type\":\"ListItem\",\"position\":2,\"name\":\"\u00a1Comenzamos el curso!\"}]},{\"@type\":\"WebSite\",\"@id\":\"https:\\\/\\\/redincola.org\\\/#website\",\"url\":\"https:\\\/\\\/redincola.org\\\/\",\"name\":\"Red \u00cdncola\",\"description\":\"nos inspira el humanismo cristiano\",\"publisher\":{\"@id\":\"https:\\\/\\\/redincola.org\\\/#organization\"},\"potentialAction\":[{\"@type\":\"SearchAction\",\"target\":{\"@type\":\"EntryPoint\",\"urlTemplate\":\"https:\\\/\\\/redincola.org\\\/?s={search_term_string}\"},\"query-input\":{\"@type\":\"PropertyValueSpecification\",\"valueRequired\":true,\"valueName\":\"search_term_string\"}}],\"inLanguage\":\"en-US\"},{\"@type\":\"Organization\",\"@id\":\"https:\\\/\\\/redincola.org\\\/#organization\",\"name\":\"Red \u00cdncola\",\"url\":\"https:\\\/\\\/redincola.org\\\/\",\"logo\":{\"@type\":\"ImageObject\",\"inLanguage\":\"en-US\",\"@id\":\"https:\\\/\\\/redincola.org\\\/#\\\/schema\\\/logo\\\/image\\\/\",\"url\":\"https:\\\/\\\/redincola.org\\\/wp-content\\\/uploads\\\/2019\\\/07\\\/logo-fundacio\u0301n-red-incola.png\",\"contentUrl\":\"https:\\\/\\\/redincola.org\\\/wp-content\\\/uploads\\\/2019\\\/07\\\/logo-fundacio\u0301n-red-incola.png\",\"width\":800,\"height\":145,\"caption\":\"Red \u00cdncola\"},\"image\":{\"@id\":\"https:\\\/\\\/redincola.org\\\/#\\\/schema\\\/logo\\\/image\\\/\"}},{\"@type\":\"Person\",\"@id\":\"https:\\\/\\\/redincola.org\\\/#\\\/schema\\\/person\\\/c8939e575b352883be6d253924d9d702\",\"name\":\"In\u00e9s\",\"image\":{\"@type\":\"ImageObject\",\"inLanguage\":\"en-US\",\"@id\":\"https:\\\/\\\/secure.gravatar.com\\\/avatar\\\/f4e18b08064b5a4b69c2fcbe7112303e4460e1da2d58a546f9da6ca54112fdaf?s=96&d=mm&r=g\",\"url\":\"https:\\\/\\\/secure.gravatar.com\\\/avatar\\\/f4e18b08064b5a4b69c2fcbe7112303e4460e1da2d58a546f9da6ca54112fdaf?s=96&d=mm&r=g\",\"contentUrl\":\"https:\\\/\\\/secure.gravatar.com\\\/avatar\\\/f4e18b08064b5a4b69c2fcbe7112303e4460e1da2d58a546f9da6ca54112fdaf?s=96&d=mm&r=g\",\"caption\":\"In\u00e9s\"},\"url\":\"https:\\\/\\\/redincola.org\\\/en\\\/author\\\/inest\\\/\"}]}<\/script>\n<!-- \/ Yoast SEO plugin. -->","yoast_head_json":{"title":"\u00a1Comenzamos el curso! - Red \u00cdncola","description":"Nuevo curso inspirado por el mensaje del Papa. Apoyamos la acogida y formaci\u00f3n de la infancia y juventud migrante. \u00a1Descubre c\u00f3mo colaborar!","robots":{"index":"index","follow":"follow","max-snippet":"max-snippet:-1","max-image-preview":"max-image-preview:large","max-video-preview":"max-video-preview:-1"},"canonical":"https:\/\/redincola.org\/comenzamos-el-curso\/","og_locale":"en_US","og_type":"article","og_title":"\u00a1Comenzamos el curso! - Red \u00cdncola","og_description":"Nuevo curso inspirado por el mensaje del Papa. Apoyamos la acogida y formaci\u00f3n de la infancia y juventud migrante. \u00a1Descubre c\u00f3mo colaborar!","og_url":"https:\/\/redincola.org\/comenzamos-el-curso\/","og_site_name":"Red \u00cdncola","article_published_time":"2026-08-30T08:00:00+00:00","og_image":[{"width":2052,"height":1037,"url":"https:\/\/redincola.org\/wp-content\/uploads\/2026\/08\/4afefabd-5599-4648-bdfd-383d94f5ec66-scaled-e1787739559488.jpg","type":"image\/jpeg"}],"author":"In\u00e9s","twitter_card":"summary_large_image","twitter_misc":{"Written by":"In\u00e9s","Est. reading time":"2 minutes"},"schema":{"@context":"https:\/\/schema.org","@graph":[{"@type":"Article","@id":"https:\/\/redincola.org\/comenzamos-el-curso\/#article","isPartOf":{"@id":"https:\/\/redincola.org\/comenzamos-el-curso\/"},"author":{"name":"In\u00e9s","@id":"https:\/\/redincola.org\/#\/schema\/person\/c8939e575b352883be6d253924d9d702"},"headline":"\u00a1Comenzamos el curso!","datePublished":"2026-08-30T08:00:00+00:00","mainEntityOfPage":{"@id":"https:\/\/redincola.org\/comenzamos-el-curso\/"},"wordCount":364,"publisher":{"@id":"https:\/\/redincola.org\/#organization"},"image":{"@id":"https:\/\/redincola.org\/comenzamos-el-curso\/#primaryimage"},"thumbnailUrl":"https:\/\/redincola.org\/wp-content\/uploads\/2026\/08\/4afefabd-5599-4648-bdfd-383d94f5ec66-scaled-e1787739559488.jpg","keywords":["Comienzodecurso","culturadelencuentro","hospitalidad","infanciamigrante","Red\u00cdncola"],"articleSection":["Sin categorizar"],"inLanguage":"en-US"},{"@type":"WebPage","@id":"https:\/\/redincola.org\/comenzamos-el-curso\/","url":"https:\/\/redincola.org\/comenzamos-el-curso\/","name":"\u00a1Comenzamos el curso! - Red \u00cdncola","isPartOf":{"@id":"https:\/\/redincola.org\/#website"},"primaryImageOfPage":{"@id":"https:\/\/redincola.org\/comenzamos-el-curso\/#primaryimage"},"image":{"@id":"https:\/\/redincola.org\/comenzamos-el-curso\/#primaryimage"},"thumbnailUrl":"https:\/\/redincola.org\/wp-content\/uploads\/2026\/08\/4afefabd-5599-4648-bdfd-383d94f5ec66-scaled-e1787739559488.jpg","datePublished":"2026-08-30T08:00:00+00:00","description":"Nuevo curso inspirado por el mensaje del Papa. Apoyamos la acogida y formaci\u00f3n de la infancia y juventud migrante. \u00a1Descubre c\u00f3mo colaborar!","breadcrumb":{"@id":"https:\/\/redincola.org\/comenzamos-el-curso\/#breadcrumb"},"inLanguage":"en-US","potentialAction":[{"@type":"ReadAction","target":["https:\/\/redincola.org\/comenzamos-el-curso\/"]}]},{"@type":"ImageObject","inLanguage":"en-US","@id":"https:\/\/redincola.org\/comenzamos-el-curso\/#primaryimage","url":"https:\/\/redincola.org\/wp-content\/uploads\/2026\/08\/4afefabd-5599-4648-bdfd-383d94f5ec66-scaled-e1787739559488.jpg","contentUrl":"https:\/\/redincola.org\/wp-content\/uploads\/2026\/08\/4afefabd-5599-4648-bdfd-383d94f5ec66-scaled-e1787739559488.jpg","width":2052,"height":1037},{"@type":"BreadcrumbList","@id":"https:\/\/redincola.org\/comenzamos-el-curso\/#breadcrumb","itemListElement":[{"@type":"ListItem","position":1,"name":"Portada","item":"https:\/\/redincola.org\/"},{"@type":"ListItem","position":2,"name":"\u00a1Comenzamos el curso!"}]},{"@type":"WebSite","@id":"https:\/\/redincola.org\/#website","url":"https:\/\/redincola.org\/","name":"Red \u00cdncola","description":"nos inspira el humanismo cristiano","publisher":{"@id":"https:\/\/redincola.org\/#organization"},"potentialAction":[{"@type":"SearchAction","target":{"@type":"EntryPoint","urlTemplate":"https:\/\/redincola.org\/?s={search_term_string}"},"query-input":{"@type":"PropertyValueSpecification","valueRequired":true,"valueName":"search_term_string"}}],"inLanguage":"en-US"},{"@type":"Organization","@id":"https:\/\/redincola.org\/#organization","name":"Red \u00cdncola","url":"https:\/\/redincola.org\/","logo":{"@type":"ImageObject","inLanguage":"en-US","@id":"https:\/\/redincola.org\/#\/schema\/logo\/image\/","url":"https:\/\/redincola.org\/wp-content\/uploads\/2019\/07\/logo-fundacio\u0301n-red-incola.png","contentUrl":"https:\/\/redincola.org\/wp-content\/uploads\/2019\/07\/logo-fundacio\u0301n-red-incola.png","width":800,"height":145,"caption":"Red \u00cdncola"},"image":{"@id":"https:\/\/redincola.org\/#\/schema\/logo\/image\/"}},{"@type":"Person","@id":"https:\/\/redincola.org\/#\/schema\/person\/c8939e575b352883be6d253924d9d702","name":"In\u00e9s","image":{"@type":"ImageObject","inLanguage":"en-US","@id":"https:\/\/secure.gravatar.com\/avatar\/f4e18b08064b5a4b69c2fcbe7112303e4460e1da2d58a546f9da6ca54112fdaf?s=96&d=mm&r=g","url":"https:\/\/secure.gravatar.com\/avatar\/f4e18b08064b5a4b69c2fcbe7112303e4460e1da2d58a546f9da6ca54112fdaf?s=96&d=mm&r=g","contentUrl":"https:\/\/secure.gravatar.com\/avatar\/f4e18b08064b5a4b69c2fcbe7112303e4460e1da2d58a546f9da6ca54112fdaf?s=96&d=mm&r=g","caption":"In\u00e9s"},"url":"https:\/\/redincola.org\/en\/author\/inest\/"}]}},"_links":{"self":[{"href":"https:\/\/redincola.org\/en\/wp-json\/wp\/v2\/posts\/9403","targetHints":{"allow":["GET"]}}],"collection":[{"href":"https:\/\/redincola.org\/en\/wp-json\/wp\/v2\/posts"}],"about":[{"href":"https:\/\/redincola.org\/en\/wp-json\/wp\/v2\/types\/post"}],"author":[{"embeddable":true,"href":"https:\/\/redincola.org\/en\/wp-json\/wp\/v2\/users\/5"}],"replies":[{"embeddable":true,"href":"https:\/\/redincola.org\/en\/wp-json\/wp\/v2\/comments?post=9403"}],"version-history":[{"count":8,"href":"https:\/\/redincola.org\/en\/wp-json\/wp\/v2\/posts\/9403\/revisions"}],"predecessor-version":[{"id":9418,"href":"https:\/\/redincola.org\/en\/wp-json\/wp\/v2\/posts\/9403\/revisions\/9418"}],"wp:featuredmedia":[{"embeddable":true,"href":"https:\/\/redincola.org\/en\/wp-json\/wp\/v2\/media\/9405"}],"wp:attachment":[{"href":"https:\/\/redincola.org\/en\/wp-json\/wp\/v2\/media?parent=9403"}],"wp:term":[{"taxonomy":"category","embeddable":true,"href":"https:\/\/redincola.org\/en\/wp-json\/wp\/v2\/categories?post=9403"},{"taxonomy":"post_tag","embeddable":true,"href":"https:\/\/redincola.org\/en\/wp-json\/wp\/v2\/tags?post=9403"}],"curies":[{"name":"wp","href":"https:\/\/api.w.org\/{rel}","templated":true}]}}